{"id":6738,"date":"2020-01-16T14:43:45","date_gmt":"2020-01-16T13:43:45","guid":{"rendered":"https:\/\/staging.investinluxembourg.be\/centre-ardenne-investeren-in-het-hartje-van-de-dynamische-economie\/"},"modified":"2024-01-03T09:26:50","modified_gmt":"2024-01-03T08:26:50","slug":"centre-ardenne-investeren-in-het-hartje-van-de-dynamische-economie","status":"publish","type":"post","link":"https:\/\/www.investinluxembourg.be\/nl\/centre-ardenne-investeren-in-het-hartje-van-de-dynamische-economie\/","title":{"rendered":"Centre Ardenne, investeren in het hartje van de dynamische economie"},"content":{"rendered":"<div class=\"wpb-content-wrapper\"><p>[vc_row][vc_column][vc_column_text]<strong>U zal ongetwijfeld ge\u00efnteresseerd zijn in \u00e9\u00e9n van de 8 bedrijventerreinen in Centre Ardenne die worden beheerd door <u><a href=\"https:\/\/www.investinluxembourg.be\/nl\/\" target=\"_blank\" rel=\"noopener\">IDELUX D\u00e9veloppement<\/a><\/u> om uw activiteiten als ambachtsman of groot bedrijf te vestigen! Ontdek de troeven voor uw bedrijf als u kiest voor een regio met een groot aantal ondernemersinitiatieven in het hartje van Europa. <\/strong><\/p>\n<p><!--more--><\/p>\n<h2><span style=\"text-align: left; color: #254f56; text-transform: uppercase;\">LAND VAN KANSEN<\/span><\/h2>\n<p>Zou u Centre Ardenne kunnen overwegen voor de vestiging en ontwikkeling van uw bedrijf? Zeker en vast. En daar zijn verschillende redenen voor.<\/p>\n<p>Dankzij zijn centrale ligging in Europa is deze regio uitgegroeid tot <strong>een strategische plek boordevol investeringsmogelijkheden <\/strong>voor de logistiek, distributiesector of elke andere activiteit. De regio ligt vlakbij enkele belangrijke machtscentra, de Noordzee, grote verkeersassen en internationale luchthavens.<\/p>\n<p>Bovendien beschikt <strong><u><a href=\"https:\/\/www.investinluxembourg.be\/nl\/provincie-luxemburg\/\">Belgisch Luxemburg<\/a><\/u><\/strong> over geschoold, beschikbaar en mobiel personeel met \u00e9\u00e9n van de hoogste productiviteitsniveau in heel Europa. De gunstige sociaaleconomische context wordt gesteund door een <strong>soepele regelgeving<\/strong>. Wat wenst u nog meer om te investeren of uw bedrijf op te richten in de best mogelijke omstandigheden?<\/p>\n<p><strong><img decoding=\"async\" style=\"width: 600px; margin: 0px auto; display: block;\" src=\"https:\/\/investinluxembourg.be\/wp-content\/uploads\/2023\/07\/Carte.jpg\" alt=\"Carte\" width=\"600\" \/><br \/>\n<\/strong><\/p>\n<p>&nbsp;<\/p>\n<h2><span style=\"text-align: left; color: #254f56; text-transform: uppercase;\">SAMEN STAAN WE STERKER<\/span><\/h2>\n<p>De regio plukt ook de vruchten van een opvallend <strong>netwerk van gevestigde lokale bedrijven<\/strong> zoals <strong><u><a href=\"https:\/\/www.habitatplus.be\/\">Habitat+<\/a><\/u><\/strong> in Semel. Met 30 werknemers en 130 onderaannemers en lokale leveranciers draagt dit bedrijf, dat actief is in het ontwerp van bouwprojecten, bij tot de economie van Centre Ardenne. Daarnaast vermelden we graag het bedrijf <strong><u><a href=\"http:\/\/www.design-stone.com\/design_stone_nl\/home\">Design Stone<\/a><\/u><\/strong>, een familiebedrijf van marmerhouwers dat al vele generaties bestaat en zeer innovatief is omdat het investeert in digitale instrumenten en robotica.<\/p>\n<p>En omdat we samen sterker staan, <strong>stimuleert IDELUX handelsverenigingen<\/strong> (in Bertrix, Libramont en Neufch\u00e2teau) waar de grootste bedrijven elkaar kunnen ontmoeten en gezamenlijke acties kunnen oprichten. De ideale gelegenheid om te netwerken en samenwerkingsverbanden op te zetten met bedrijven uit de buurt.<\/p>\n<p><img decoding=\"async\" style=\"width: 566px; display: block; margin-left: auto; margin-right: auto;\" src=\"https:\/\/investinluxembourg.be\/wp-content\/uploads\/2023\/07\/20181211_191016-Copie-scaled.jpg\" alt=\"Club d'entreprises\" width=\"566\" \/><\/p>\n<p>&nbsp;<\/p>\n<h2><span style=\"text-align: left; color: #254f56; text-transform: uppercase;\">INSPIRERENDE ONTWIKKELINGSPERSPECTIEVEN<\/span><\/h2>\n<p>Centre Ardenne telt <strong>8 <u><a href=\"https:\/\/www.idelux.be\/fr\/parcs-d-activites-economiques.html?IDC=2509\">bedrijventerreinen<\/a><\/u><\/strong> in de gemeentes <strong><u><a href=\"https:\/\/www.idelux.be\/fr\/leglise.html?IDC=2509&amp;IDD=22467\">L\u00e9glise<\/a><\/u><\/strong>, Libramont (<strong><u><a href=\"https:\/\/www.idelux.be\/fr\/libramont-recogne.html?IDD=1624&amp;IDC=2509\">Recogne<\/a><\/u><\/strong> en <strong><u><a href=\"https:\/\/www.idelux.be\/fr\/libramont-flohimont.html?IDC=2509&amp;IDD=1625\">Flohimont<\/a><\/u><\/strong>), Bertrix (<strong><u><a href=\"https:\/\/www.idelux.be\/fr\/bertrix-les-corettes.html?IDC=2509&amp;IDD=1626\">Les Corettes<\/a><\/u><\/strong> en <strong><u><a href=\"https:\/\/www.idelux.be\/fr\/bertrix-le-saupont.html?IDC=2509&amp;IDD=1627\">Le Saupont<\/a><\/u><\/strong>), <strong><u><a href=\"https:\/\/www.idelux.be\/fr\/saint-hubert.html?IDC=2509&amp;IDD=1620\">Saint-Hubert<\/a><\/u><\/strong> en Neufch\u00e2teau (<strong><u><a href=\"https:\/\/www.idelux.be\/fr\/neufchateau-semel.html?IDC=2509&amp;IDD=1629\">Semel<\/a><\/u><\/strong> en <strong><u><a href=\"https:\/\/www.idelux.be\/fr\/neufchateau-ardenne-logistics.html?IDC=2509&amp;IDD=1628\">Ardenne Logistics<\/a><\/u><\/strong>). In de komende maanden zullen er nieuwe projecten worden ontwikkeld om te beantwoorden aan de grote vraag naar meer infrastructuur.<\/p>\n<p>In 2024 zal Longlier een nieuw bedrijventerrein openen in het verlengde van het huidige bedrijventerrein van Semel (momenteel volzet).\u00a0 In Bertrex zullen ge\u00efnteresseerde bedrijven zich kunnen vestigen in de uitbreiding van het bedrijventerrein Les Corettes in 2023-2024. Op de site van Saupont zal de oude houtzagerij Comes worden gerenoveerd. In de gemeenten L\u00e9glise en Saint-Hubert zal er binnenkort (met name in 2021) een dubbele bedrijvenhal van 250m\u00b2 elk beschikbaar zijn.<\/p>\n<p><img decoding=\"async\" style=\"width: 757px;\" src=\"https:\/\/investinluxembourg.be\/wp-content\/uploads\/2023\/07\/Perspective-2-1.jpg\" alt=\"Hall relais de L\u00e9glise\" width=\"757\" \/><\/p>\n<p>&nbsp;<\/p>\n<h2><span style=\"text-align: left; color: #254f56; text-transform: uppercase;\">ARDENNE LOGISTICS, UW BESTE KANS<\/span><\/h2>\n<p>Het <strong><u><a href=\"https:\/\/www.investinluxembourg.be\/nl\/voordeel\/ardenne-logistics\/\">bedrijventerrein Ardenne Logistics<\/a><\/u><\/strong>\u00a0(85 hectaren die volledig zijn gewijd aan de logistiek) is \u00e9\u00e9n van de bedrijvenparken in Centre Ardenne dat over enkele onmiskenbare troeven beschikt. Dit bedrijventerrein ligt vlakbij de belangrijkste markten van West-Europa en is rechtstreeks verbonden met de autosnelwegen E25 en E411. Daarnaast kan het genieten van de bimodaliteit spoorwegen\/wegen waarmee <strong>58 miljoen consumenten bereikbaar zijn in een tijdspanne van 4u30. <\/strong>Verder liggen er ook 4 internationale luchthavens in de buurt van het bedrijventerrein (Brussel, Brussels South, Luik-Bierset en Luxemburg-Findel).<\/p>\n<p>Het bedrijventerrein beschikt over <strong>zeer grote percelen<\/strong> (van 20.000 m\u00b2 tot 80.000 m\u00b2 waarbij ook enkele percelen kunnen worden samengevoegd in functie van de behoeften). De kwaliteit van de inrichtingen en voorzieningen is van zeer hoog niveau en de site beschikt over een doeltreffend beveiligingssysteem.<\/p>\n<p>De volgende <strong>bekende bedrijven<\/strong> op de site schenken ons al vertrouwen: <strong><u><a href=\"https:\/\/www.defrancq.be\/nl\">Defrancq<\/a><\/u><\/strong>, <strong><u><a href=\"http:\/\/www.eurofooddistribution.lu\/fr\">Eurofood<\/a><\/u><\/strong>, <strong><u><a href=\"https:\/\/www.jostgroup.com\/home-nl\/\">Jost Group<\/a><\/u><\/strong>, <strong><u><a href=\"https:\/\/man-luxembourg.be\/nl\/contact\">Ardenne Trucks &amp; Equipments<\/a><\/u><\/strong> (MAN-concessie), <strong><u><a href=\"http:\/\/www.transport-pierret.be\/nl\/index.htm\">Transport Pierret<\/a><\/u><\/strong>, <strong><u><a href=\"http:\/\/q-food.be\/\">Q-Group<\/a><\/u><\/strong> alsook het opleidingscentrum voor de logistieke sector FOREM.<\/p>\n<p style=\"text-align: center;\"><strong><img decoding=\"async\" style=\"width: 1920px;\" src=\"https:\/\/investinluxembourg.be\/wp-content\/uploads\/2023\/07\/Q-food_Ardenne.png\" alt=\"Parc d'activit\u00e9s Ardenne Logistics\" width=\"1920\" \/><br \/>\n<\/strong><\/p>\n<p>&nbsp;<\/p>\n<p>Ongeacht u kiest voor het bedrijventerrein Ardenne Logistics of \u00e9\u00e9n van onze andere sites, u zal uw bedrijf steeds kunnen vestigen in een dynamische regio. <strong><u><a href=\"https:\/\/www.investinluxembourg.be\/nl\/onze-diensten\/\">IDELUX D\u00e9veloppement begeleidt u stap voor stap in de uitwerking van uw project<\/a><\/u><\/strong> en houdt hierbij rekening met uw specifieke wensen.<\/p>\n<p>Nog niet overtuigd? Raadpleeg het artikel<span style=\"font-weight: bold;\"><u> <a href=\"https:\/\/www.investinluxembourg.be\/nl\/brochures\/\" target=\"_blank\" rel=\"noopener\">10 goede redenen om te investeren in de provincie Luxemburg<\/a><\/u><\/span>.[\/vc_column_text][vc_widget_sidebar show_bg=&#8221;false&#8221; sidebar_id=&#8221;sidebar_35&#8243;][\/vc_column][\/vc_row]<\/p>\n<\/div>","protected":false},"excerpt":{"rendered":"<p>U zal ongetwijfeld ge\u00efnteresseerd zijn in \u00e9\u00e9n van de 8 bedrijventerreinen in Centre Ardenne die worden beheerd door IDELUX D\u00e9veloppement om uw activiteiten als ambachtsman of groot bedrijf te vestigen!<\/p>\n","protected":false},"author":17,"featured_media":6158,"comment_status":"closed","ping_status":"closed","sticky":false,"template":"","format":"standard","meta":{"footnotes":""},"categories":[1],"tags":[1936,1908,1909,1923,1912,1914,1915,1922,1916,1918,1919,1924],"class_list":["post-6738","post","type-post","status-publish","format-standard","has-post-thumbnail","hentry","category-blog-nl","tag-ardennes-logistics-nl","tag-business-center-nl","tag-business-park-nl","tag-entreprises-nl","tag-implantation-nl","tag-invest-nl","tag-investir-nl","tag-logistique-nl","tag-luxembourg-belge-nl","tag-province-de-luxembourg-nl","tag-region-wallonne-nl","tag-wallonie-nl","category-1","description-off"],"yoast_head":"<!-- This site is optimized with the Yoast SEO plugin v27.5 - https:\/\/yoast.com\/product\/yoast-seo-wordpress\/ -->\n<title>Centre Ardenne, investeren in het hartje van de dynamische economie - Idelux<\/title>\n<meta name=\"robots\" content=\"index, follow, max-snippet:-1, max-image-preview:large, max-video-preview:-1\" \/>\n<link rel=\"canonical\" href=\"https:\/\/www.investinluxembourg.be\/nl\/centre-ardenne-investeren-in-het-hartje-van-de-dynamische-economie\/\" \/>\n<meta property=\"og:locale\" content=\"nl_NL\" \/>\n<meta property=\"og:type\" content=\"article\" \/>\n<meta property=\"og:title\" content=\"Centre Ardenne, investeren in het hartje van de dynamische economie - Idelux\" \/>\n<meta property=\"og:description\" content=\"U zal ongetwijfeld ge\u00efnteresseerd zijn in \u00e9\u00e9n van de 8 bedrijventerreinen in Centre Ardenne die worden beheerd door IDELUX D\u00e9veloppement om uw activiteiten als ambachtsman of groot bedrijf te vestigen!\" \/>\n<meta property=\"og:url\" content=\"https:\/\/www.investinluxembourg.be\/nl\/centre-ardenne-investeren-in-het-hartje-van-de-dynamische-economie\/\" \/>\n<meta property=\"og:site_name\" content=\"Idelux\" \/>\n<meta property=\"article:published_time\" content=\"2020-01-16T13:43:45+00:00\" \/>\n<meta property=\"article:modified_time\" content=\"2024-01-03T08:26:50+00:00\" \/>\n<meta property=\"og:image\" content=\"https:\/\/www.investinluxembourg.be\/wp-content\/uploads\/2023\/07\/IMG_7141-scaled.jpg\" \/>\n\t<meta property=\"og:image:width\" content=\"1920\" \/>\n\t<meta property=\"og:image:height\" content=\"1280\" \/>\n\t<meta property=\"og:image:type\" content=\"image\/jpeg\" \/>\n<meta name=\"author\" content=\"dns\" \/>\n<meta name=\"twitter:card\" content=\"summary_large_image\" \/>\n<meta name=\"twitter:label1\" content=\"Geschreven door\" \/>\n\t<meta name=\"twitter:data1\" content=\"dns\" \/>\n\t<meta name=\"twitter:label2\" content=\"Geschatte leestijd\" \/>\n\t<meta name=\"twitter:data2\" content=\"5 minuten\" \/>\n<script type=\"application\/ld+json\" class=\"yoast-schema-graph\">{\"@context\":\"https:\\\/\\\/schema.org\",\"@graph\":[{\"@type\":\"Article\",\"@id\":\"https:\\\/\\\/www.investinluxembourg.be\\\/nl\\\/centre-ardenne-investeren-in-het-hartje-van-de-dynamische-economie\\\/#article\",\"isPartOf\":{\"@id\":\"https:\\\/\\\/www.investinluxembourg.be\\\/nl\\\/centre-ardenne-investeren-in-het-hartje-van-de-dynamische-economie\\\/\"},\"author\":{\"name\":\"dns\",\"@id\":\"https:\\\/\\\/www.investinluxembourg.be\\\/#\\\/schema\\\/person\\\/08057f0257bc89f296a5f08c0ee1ace7\"},\"headline\":\"Centre Ardenne, investeren in het hartje van de dynamische economie\",\"datePublished\":\"2020-01-16T13:43:45+00:00\",\"dateModified\":\"2024-01-03T08:26:50+00:00\",\"mainEntityOfPage\":{\"@id\":\"https:\\\/\\\/www.investinluxembourg.be\\\/nl\\\/centre-ardenne-investeren-in-het-hartje-van-de-dynamische-economie\\\/\"},\"wordCount\":663,\"image\":{\"@id\":\"https:\\\/\\\/www.investinluxembourg.be\\\/nl\\\/centre-ardenne-investeren-in-het-hartje-van-de-dynamische-economie\\\/#primaryimage\"},\"thumbnailUrl\":\"https:\\\/\\\/www.investinluxembourg.be\\\/wp-content\\\/uploads\\\/2023\\\/07\\\/IMG_7141-scaled.jpg\",\"keywords\":[\"Ardennes Logistics\",\"Business Center\",\"Business Park\",\"Entreprises\",\"Implantation\",\"Invest\",\"Investir\",\"Logistique\",\"Luxembourg belge\",\"Province de Luxembourg\",\"R\u00e9gion wallonne\",\"Wallonie\"],\"articleSection\":[\"Blog\"],\"inLanguage\":\"nl-NL\"},{\"@type\":\"WebPage\",\"@id\":\"https:\\\/\\\/www.investinluxembourg.be\\\/nl\\\/centre-ardenne-investeren-in-het-hartje-van-de-dynamische-economie\\\/\",\"url\":\"https:\\\/\\\/www.investinluxembourg.be\\\/nl\\\/centre-ardenne-investeren-in-het-hartje-van-de-dynamische-economie\\\/\",\"name\":\"Centre Ardenne, investeren in het hartje van de dynamische economie - Idelux\",\"isPartOf\":{\"@id\":\"https:\\\/\\\/www.investinluxembourg.be\\\/#website\"},\"primaryImageOfPage\":{\"@id\":\"https:\\\/\\\/www.investinluxembourg.be\\\/nl\\\/centre-ardenne-investeren-in-het-hartje-van-de-dynamische-economie\\\/#primaryimage\"},\"image\":{\"@id\":\"https:\\\/\\\/www.investinluxembourg.be\\\/nl\\\/centre-ardenne-investeren-in-het-hartje-van-de-dynamische-economie\\\/#primaryimage\"},\"thumbnailUrl\":\"https:\\\/\\\/www.investinluxembourg.be\\\/wp-content\\\/uploads\\\/2023\\\/07\\\/IMG_7141-scaled.jpg\",\"datePublished\":\"2020-01-16T13:43:45+00:00\",\"dateModified\":\"2024-01-03T08:26:50+00:00\",\"author\":{\"@id\":\"https:\\\/\\\/www.investinluxembourg.be\\\/#\\\/schema\\\/person\\\/08057f0257bc89f296a5f08c0ee1ace7\"},\"breadcrumb\":{\"@id\":\"https:\\\/\\\/www.investinluxembourg.be\\\/nl\\\/centre-ardenne-investeren-in-het-hartje-van-de-dynamische-economie\\\/#breadcrumb\"},\"inLanguage\":\"nl-NL\",\"potentialAction\":[{\"@type\":\"ReadAction\",\"target\":[\"https:\\\/\\\/www.investinluxembourg.be\\\/nl\\\/centre-ardenne-investeren-in-het-hartje-van-de-dynamische-economie\\\/\"]}]},{\"@type\":\"ImageObject\",\"inLanguage\":\"nl-NL\",\"@id\":\"https:\\\/\\\/www.investinluxembourg.be\\\/nl\\\/centre-ardenne-investeren-in-het-hartje-van-de-dynamische-economie\\\/#primaryimage\",\"url\":\"https:\\\/\\\/www.investinluxembourg.be\\\/wp-content\\\/uploads\\\/2023\\\/07\\\/IMG_7141-scaled.jpg\",\"contentUrl\":\"https:\\\/\\\/www.investinluxembourg.be\\\/wp-content\\\/uploads\\\/2023\\\/07\\\/IMG_7141-scaled.jpg\",\"width\":1920,\"height\":1280},{\"@type\":\"BreadcrumbList\",\"@id\":\"https:\\\/\\\/www.investinluxembourg.be\\\/nl\\\/centre-ardenne-investeren-in-het-hartje-van-de-dynamische-economie\\\/#breadcrumb\",\"itemListElement\":[{\"@type\":\"ListItem\",\"position\":1,\"name\":\"Accueil\",\"item\":\"https:\\\/\\\/www.investinluxembourg.be\\\/nl\\\/\"},{\"@type\":\"ListItem\",\"position\":2,\"name\":\"Centre Ardenne, investeren in het hartje van de dynamische economie\"}]},{\"@type\":\"WebSite\",\"@id\":\"https:\\\/\\\/www.investinluxembourg.be\\\/#website\",\"url\":\"https:\\\/\\\/www.investinluxembourg.be\\\/\",\"name\":\"Idelux\",\"description\":\"\",\"potentialAction\":[{\"@type\":\"SearchAction\",\"target\":{\"@type\":\"EntryPoint\",\"urlTemplate\":\"https:\\\/\\\/www.investinluxembourg.be\\\/?s={search_term_string}\"},\"query-input\":{\"@type\":\"PropertyValueSpecification\",\"valueRequired\":true,\"valueName\":\"search_term_string\"}}],\"inLanguage\":\"nl-NL\"},{\"@type\":\"Person\",\"@id\":\"https:\\\/\\\/www.investinluxembourg.be\\\/#\\\/schema\\\/person\\\/08057f0257bc89f296a5f08c0ee1ace7\",\"name\":\"dns\"}]}<\/script>\n<!-- \/ Yoast SEO plugin. -->","yoast_head_json":{"title":"Centre Ardenne, investeren in het hartje van de dynamische economie - Idelux","robots":{"index":"index","follow":"follow","max-snippet":"max-snippet:-1","max-image-preview":"max-image-preview:large","max-video-preview":"max-video-preview:-1"},"canonical":"https:\/\/www.investinluxembourg.be\/nl\/centre-ardenne-investeren-in-het-hartje-van-de-dynamische-economie\/","og_locale":"nl_NL","og_type":"article","og_title":"Centre Ardenne, investeren in het hartje van de dynamische economie - Idelux","og_description":"U zal ongetwijfeld ge\u00efnteresseerd zijn in \u00e9\u00e9n van de 8 bedrijventerreinen in Centre Ardenne die worden beheerd door IDELUX D\u00e9veloppement om uw activiteiten als ambachtsman of groot bedrijf te vestigen!","og_url":"https:\/\/www.investinluxembourg.be\/nl\/centre-ardenne-investeren-in-het-hartje-van-de-dynamische-economie\/","og_site_name":"Idelux","article_published_time":"2020-01-16T13:43:45+00:00","article_modified_time":"2024-01-03T08:26:50+00:00","og_image":[{"width":1920,"height":1280,"url":"https:\/\/www.investinluxembourg.be\/wp-content\/uploads\/2023\/07\/IMG_7141-scaled.jpg","type":"image\/jpeg"}],"author":"dns","twitter_card":"summary_large_image","twitter_misc":{"Geschreven door":"dns","Geschatte leestijd":"5 minuten"},"schema":{"@context":"https:\/\/schema.org","@graph":[{"@type":"Article","@id":"https:\/\/www.investinluxembourg.be\/nl\/centre-ardenne-investeren-in-het-hartje-van-de-dynamische-economie\/#article","isPartOf":{"@id":"https:\/\/www.investinluxembourg.be\/nl\/centre-ardenne-investeren-in-het-hartje-van-de-dynamische-economie\/"},"author":{"name":"dns","@id":"https:\/\/www.investinluxembourg.be\/#\/schema\/person\/08057f0257bc89f296a5f08c0ee1ace7"},"headline":"Centre Ardenne, investeren in het hartje van de dynamische economie","datePublished":"2020-01-16T13:43:45+00:00","dateModified":"2024-01-03T08:26:50+00:00","mainEntityOfPage":{"@id":"https:\/\/www.investinluxembourg.be\/nl\/centre-ardenne-investeren-in-het-hartje-van-de-dynamische-economie\/"},"wordCount":663,"image":{"@id":"https:\/\/www.investinluxembourg.be\/nl\/centre-ardenne-investeren-in-het-hartje-van-de-dynamische-economie\/#primaryimage"},"thumbnailUrl":"https:\/\/www.investinluxembourg.be\/wp-content\/uploads\/2023\/07\/IMG_7141-scaled.jpg","keywords":["Ardennes Logistics","Business Center","Business Park","Entreprises","Implantation","Invest","Investir","Logistique","Luxembourg belge","Province de Luxembourg","R\u00e9gion wallonne","Wallonie"],"articleSection":["Blog"],"inLanguage":"nl-NL"},{"@type":"WebPage","@id":"https:\/\/www.investinluxembourg.be\/nl\/centre-ardenne-investeren-in-het-hartje-van-de-dynamische-economie\/","url":"https:\/\/www.investinluxembourg.be\/nl\/centre-ardenne-investeren-in-het-hartje-van-de-dynamische-economie\/","name":"Centre Ardenne, investeren in het hartje van de dynamische economie - Idelux","isPartOf":{"@id":"https:\/\/www.investinluxembourg.be\/#website"},"primaryImageOfPage":{"@id":"https:\/\/www.investinluxembourg.be\/nl\/centre-ardenne-investeren-in-het-hartje-van-de-dynamische-economie\/#primaryimage"},"image":{"@id":"https:\/\/www.investinluxembourg.be\/nl\/centre-ardenne-investeren-in-het-hartje-van-de-dynamische-economie\/#primaryimage"},"thumbnailUrl":"https:\/\/www.investinluxembourg.be\/wp-content\/uploads\/2023\/07\/IMG_7141-scaled.jpg","datePublished":"2020-01-16T13:43:45+00:00","dateModified":"2024-01-03T08:26:50+00:00","author":{"@id":"https:\/\/www.investinluxembourg.be\/#\/schema\/person\/08057f0257bc89f296a5f08c0ee1ace7"},"breadcrumb":{"@id":"https:\/\/www.investinluxembourg.be\/nl\/centre-ardenne-investeren-in-het-hartje-van-de-dynamische-economie\/#breadcrumb"},"inLanguage":"nl-NL","potentialAction":[{"@type":"ReadAction","target":["https:\/\/www.investinluxembourg.be\/nl\/centre-ardenne-investeren-in-het-hartje-van-de-dynamische-economie\/"]}]},{"@type":"ImageObject","inLanguage":"nl-NL","@id":"https:\/\/www.investinluxembourg.be\/nl\/centre-ardenne-investeren-in-het-hartje-van-de-dynamische-economie\/#primaryimage","url":"https:\/\/www.investinluxembourg.be\/wp-content\/uploads\/2023\/07\/IMG_7141-scaled.jpg","contentUrl":"https:\/\/www.investinluxembourg.be\/wp-content\/uploads\/2023\/07\/IMG_7141-scaled.jpg","width":1920,"height":1280},{"@type":"BreadcrumbList","@id":"https:\/\/www.investinluxembourg.be\/nl\/centre-ardenne-investeren-in-het-hartje-van-de-dynamische-economie\/#breadcrumb","itemListElement":[{"@type":"ListItem","position":1,"name":"Accueil","item":"https:\/\/www.investinluxembourg.be\/nl\/"},{"@type":"ListItem","position":2,"name":"Centre Ardenne, investeren in het hartje van de dynamische economie"}]},{"@type":"WebSite","@id":"https:\/\/www.investinluxembourg.be\/#website","url":"https:\/\/www.investinluxembourg.be\/","name":"Idelux","description":"","potentialAction":[{"@type":"SearchAction","target":{"@type":"EntryPoint","urlTemplate":"https:\/\/www.investinluxembourg.be\/?s={search_term_string}"},"query-input":{"@type":"PropertyValueSpecification","valueRequired":true,"valueName":"search_term_string"}}],"inLanguage":"nl-NL"},{"@type":"Person","@id":"https:\/\/www.investinluxembourg.be\/#\/schema\/person\/08057f0257bc89f296a5f08c0ee1ace7","name":"dns"}]}},"_links":{"self":[{"href":"https:\/\/www.investinluxembourg.be\/nl\/wp-json\/wp\/v2\/posts\/6738","targetHints":{"allow":["GET"]}}],"collection":[{"href":"https:\/\/www.investinluxembourg.be\/nl\/wp-json\/wp\/v2\/posts"}],"about":[{"href":"https:\/\/www.investinluxembourg.be\/nl\/wp-json\/wp\/v2\/types\/post"}],"author":[{"embeddable":true,"href":"https:\/\/www.investinluxembourg.be\/nl\/wp-json\/wp\/v2\/users\/17"}],"replies":[{"embeddable":true,"href":"https:\/\/www.investinluxembourg.be\/nl\/wp-json\/wp\/v2\/comments?post=6738"}],"version-history":[{"count":5,"href":"https:\/\/www.investinluxembourg.be\/nl\/wp-json\/wp\/v2\/posts\/6738\/revisions"}],"predecessor-version":[{"id":8759,"href":"https:\/\/www.investinluxembourg.be\/nl\/wp-json\/wp\/v2\/posts\/6738\/revisions\/8759"}],"wp:featuredmedia":[{"embeddable":true,"href":"https:\/\/www.investinluxembourg.be\/nl\/wp-json\/wp\/v2\/media\/6158"}],"wp:attachment":[{"href":"https:\/\/www.investinluxembourg.be\/nl\/wp-json\/wp\/v2\/media?parent=6738"}],"wp:term":[{"taxonomy":"category","embeddable":true,"href":"https:\/\/www.investinluxembourg.be\/nl\/wp-json\/wp\/v2\/categories?post=6738"},{"taxonomy":"post_tag","embeddable":true,"href":"https:\/\/www.investinluxembourg.be\/nl\/wp-json\/wp\/v2\/tags?post=6738"}],"curies":[{"name":"wp","href":"https:\/\/api.w.org\/{rel}","templated":true}]}}