{"id":6716,"date":"2020-07-23T11:03:08","date_gmt":"2020-07-23T09:03:08","guid":{"rendered":"https:\/\/staging.investinluxembourg.be\/vier-redenen-om-te-kiezen-voor-belgisch-luxemburg\/"},"modified":"2023-07-14T09:23:57","modified_gmt":"2023-07-14T07:23:57","slug":"vier-redenen-om-te-kiezen-voor-belgisch-luxemburg","status":"publish","type":"post","link":"https:\/\/www.investinluxembourg.be\/nl\/vier-redenen-om-te-kiezen-voor-belgisch-luxemburg\/","title":{"rendered":"Vier redenen om te kiezen voor Belgisch Luxemburg"},"content":{"rendered":"<div class=\"wpb-content-wrapper\"><p>[vc_row][vc_column][vc_column_text]<strong>Geniet van de troeven van een ondernemende streek!\u00a0Belgisch Luxemburg, dat is een strategische ligging in het hartje van de Europese economie, een intens bedrijfsleven, een rustige sociale sfeer en een uitstekend leefklimaat. Vier goede redenen om er te investeren: je zit er goed, je wordt er goed omringd, je vindt er goede werkkrachten en het is een aangename streek! What else?<\/strong><\/p>\n<p><!--more--><\/p>\n<p><a href=\"#localisation\" rel=\" noopener\"><strong>Reden 1 : ideale ligging<\/strong><\/a><\/p>\n<p><a href=\"#vie_eco\" rel=\" noopener\"><strong>Reden 2 : dynamische omgeving<\/strong><\/a><\/p>\n<p><a href=\"#social\" rel=\" noopener\"><strong>Reden 3 : sociale rust<\/strong><\/a><\/p>\n<p><strong><a href=\"#cadre\" rel=\" noopener\">Reden 4 : authentiek karakter<\/a><\/strong><\/p>\n<p><a href=\"#chiffres\" rel=\" noopener\"><strong>Enkele cijfers als bonus<\/strong><\/a><\/p>\n<p>&nbsp;<\/p>\n<h2>1E REDEN: EEN STRATEGISCHE LIGGING IN HET HARTJE VAN DE EUROPESE ECONOMIE<\/h2>\n<p>De provincie Luxemburg geniet een bevoorrechte situatie in Europa.<br \/>\nVan hieruit bereik je meer dan\u00a0<strong>58\u00a0miljoen consumenten in maximaal 4u30 rijden met de vrachtwagen.<\/strong><\/p>\n<p>Belgi\u00eb staat op de 3<sup>e<\/sup> plaats in de lijst van beste liggingen om een distributiecentrum te vestigen.<\/p>\n<p>Belgisch Luxemburg biedt:<\/p>\n<ul>\n<li style=\"margin-left: 15.0pt;\"><strong>een schakelpositie<\/strong>tussen Brussel, Luik, Luxemburg en de Franse Moezelstreek<\/li>\n<li style=\"margin-left: 15.0pt;\">een ligging\u00a0<strong>vlak bij grote machtscentra<\/strong>: Brussel, Luxemburg, Parijs, M\u00fcnchen, Londen &#8230;<\/li>\n<li style=\"margin-left: 15.0pt;\">de nabijheid van een grote\u00a0<strong>afzetmarkt met zo\u2019n 58 miljoen consumenten<\/strong>(brede toegang tot de afzetmarkten van de Grande R\u00e9gion, waar ook Duitsland onder valt (gedeelde grens van 120 km met het Groothertogdom Luxemburg en van 110 km met Frankrijk)<\/li>\n<li style=\"margin-left: 15.0pt;\">de<strong> nabijheid van de grote Noordzeehavens<\/strong>: Antwerpen, Zeebrugge, Rotterdam (via de<a href=\"https:\/\/www.investinluxembourg.be\/nl\/voordeel\/containerterminal-van-athus\/\" target=\"_blank\" rel=\"noopener\">\u00a0<strong>Terminal Container Athus<\/strong>,<\/a>\u00a01<sup>e\u00a0<\/sup>droge haven van Belgi\u00eb).<\/li>\n<\/ul>\n<p><span style=\"font-weight: bold;\"><img decoding=\"async\" style=\"width: 500px; display: block; margin: 5px auto 0px;\" src=\"https:\/\/investinluxembourg.be\/wp-content\/uploads\/2023\/07\/carte-atouts-PDL.jpg\" alt=\"Le Luxembourg belge, un territoire strat\u00e9gique\" width=\"500\" \/><\/span><\/p>\n<p>Er leiden <strong>drie grote verkeersassen<\/strong> naar Belgisch Luxemburg: de autosnelweg E\u00a0411 (As Brussel-Luxemburg-Straatsburg-Bazel-Milaan), autosnelweg E\u00a025 (As Keulen-Luik-Luxemburg), de rijksweg\u00a04 (As Brussel-Luxemburg). Het wordt bediend door de spoorweglijnen Brussel-Luxemburg, Luik-Luxemburg en Athus-Meuse.<\/p>\n<p><strong>4\u00a0luchthavens in de buurt<\/strong>: Brussels South Charleroi Airport (BSCA) \u2013 Brussels Airport (Zaventem) &#8211; Li\u00e8ge Airport (Bierset) &#8211; Luxembourg.<\/p>\n<p>&nbsp;<\/p>\n<p>&nbsp;<\/p>\n<h2>2E REDEN: EEN INTENS BEDRIJFSLEVEN<\/h2>\n<p>Grote namen uit de industrie zijn te vinden in Belgisch Luxemburg: L&#8217;Or\u00e9al, Ferrero, Federal Mogul, Jindal Fims, Burgo Ardennes, Spanolux, IBV, Fruytier, Ter Beke, Saint-Gobain, Vitrociset, Thomas&amp;Piron en vele anderen.<\/p>\n<p>De streek kan steunen op een sterk geheel van lokale bedrijven die er stevig voet aan de grond hebben.<\/p>\n<h4>2.1 EEN PRODUCTIVITEIT DIE HOGER LIGT DAN HET EUROPESE GEMIDDELDE<\/h4>\n<p>Een enorme werkmotivatie (bij de hoogste in de wereld) waardoor veel landen de <strong>productiviteit van de Belgen<\/strong> benijden.<\/p>\n<h4>2.2 EEN SOEPELE SOCIALE WETGEVING<\/h4>\n<ul>\n<li>Legale arbeidstijd in Belgi\u00eb:\u00a0<strong>maximum 40 uur per week.<\/strong><\/li>\n<li>De\u00a0<strong>collectieve arbeidsovereenkomsten<\/strong>beperken die tot 38 uur per week.<\/li>\n<li>Dankzij het<strong>rustige sociale klimaat <\/strong>en een akkoord tussen de sociale partners kon de wetgeving versoepeld worden waardoor die arbeidstijd verlengd kan worden op vrijwillige basis.<\/li>\n<\/ul>\n<h4>2.3 BESCHIKBARE, GEKWALIFICEERDE EN MOBIELE WERKKRACHTEN<\/h4>\n<p>Belgisch Luxemburg bevindt zich in het hartje van een\u00a0<a href=\"http:\/\/www.granderegion.net\/\"><strong>omvangrijk geheel genaamd la Grande R\u00e9gion<\/strong><\/a>\u00a0(Saarland, Rijnland-Palts (Duitsland), Lotharingen (Frankrijk), Groothertogdom Luxemburg en Walloni\u00eb (Belgi\u00eb). <strong>Het grensoverschrijdende verkeer van arbeidskrachten in La Grande R\u00e9gion is \u00e9\u00e9n van de hoogste van Europa<\/strong>: zo\u2019n 213.000 mensen steken elke dag een grens over om te werken.<\/p>\n<p><em><img decoding=\"async\" style=\"width: 500px; display: block; margin: 0px auto;\" src=\"https:\/\/investinluxembourg.be\/wp-content\/uploads\/2023\/07\/atouts-PDL.jpg\" alt=\"Le Luxembourg belge, une main d'oeuvre qualifi\u00e9e\" width=\"500\" \/><\/em><\/p>\n<h4>2.4 EEN GUNSTIGE SOCIAALECONOMISCHE CONTEXT<\/h4>\n<ul>\n<li><strong>Een populatie die constant toeneemt<\/strong>: de provincie telde 284.638 inwoners op 01\/01\/2019 met een bevolkingsgroei van 14,75% tussen 2000 en 2018 (8,53% in Walloni\u00eb)<\/li>\n<li><strong>Een jonge bevolking<\/strong>: 24,3% is jonger dan 20 jaar (tegenover 23,1% in Walloni\u00eb) op 01\/01\/2019<\/li>\n<li><strong>Een lager aantal werkzoekenden<\/strong>(8,8%) dan het Waalse gemiddelde (12,9%) in januari 2020<\/li>\n<li><strong>Houtsector<\/strong>: meer dan 1.397 bedrijven en professionals werkzaam in de houtsector, goed voor een totaal van ongeveer 3.800 banen\u00a0<em>(volgens de statistieken van de ECB 2017)<\/em><\/li>\n<li><strong>Voedingsindustrie<\/strong>: 2.076 banen\u00a0<em>(bron: sociaaleconomisch instrumentenbord REAL, januari 2019)<\/em><\/li>\n<li><strong>Biowetenschappen<\/strong>: 10 \u2018openbare centra voor de productie van wetenschappelijke kennis\u2019: 120 onderzoekers en 300 banen in het totaal<\/li>\n<li><strong>Ruimtevaartsector<\/strong>: aanwezigheid van het\u00a0<strong>station ESA<\/strong>, 1<sup>e\u00a0<\/sup>Europese controlecentrum gespecialiseerd in testen in de omloopbaan (enige site voor Galileo), en van het <a href=\"https:\/\/www.investinluxembourg.be\/nl\/voordeel\/galaxia\/\" target=\"_blank\" rel=\"noopener\"><strong>Galaxia<\/strong><strong><u>-park <\/u><\/strong><\/a>gewijd aan ruimtetoepassingen.<\/li>\n<\/ul>\n<h2>3E REDEN: EEN RUSTIGE SOCIALE SFEER<\/h2>\n<p>Belgisch Luxemburg staat bekend als zijnde een<strong> gebied van sociale en politieke consensus<\/strong>. Het aantal <strong>dagen staking is er bijzonder laag<\/strong>\u00a0en het ziekteverzuim door ongeluk of ziekte ligt lager dan het nationale gemiddelde.<\/p>\n<h5 style=\"text-align: center;\">EEN SEREEN SOCIAAL KLIMAAT<img decoding=\"async\" style=\"width: 1217px;\" src=\"https:\/\/investinluxembourg.be\/wp-content\/uploads\/2023\/07\/Capture-Climat-social.jpg\" alt=\"Capture-Climat social\" width=\"1217\" \/><\/h5>\n<p style=\"text-align: center;\">(Bron: ONSS 2016)<\/p>\n<p>&nbsp;<\/p>\n<h2 class=\"main_content\">4E REDEN: EEN UITSTEKEND LEEFKLIMAAT<\/h2>\n<p>Luxemburg wordt gezien als een provincie waar het <strong>leven goed is<\/strong>\u00a0dankzij het goede evenwicht tussen de bedrijfswereld en het plattelandsgevoel, dankzij de\u00a0<strong>toeristische trekpleisters<\/strong>\u00a0en het natuurbehoud en, als leuke extraatje, een<strong>\u00a0uitstekende gastronomie<\/strong>.<\/p>\n<p><a href=\"https:\/\/www.jedecouvre.luxembourg-belge.be\/\" target=\"_blank\" rel=\"noopener\"><img decoding=\"async\" style=\"width: 1894px; margin: 10px 0px 11px;\" src=\"https:\/\/investinluxembourg.be\/wp-content\/uploads\/2023\/07\/Je-redecouvre-ma-province.jpg\" alt=\"Je red\u00e9couvre ma province\" width=\"1894\" \/><\/a><\/p>\n<h2><\/h2>\n<p>&nbsp;<\/p>\n<h2>BONUS: DE PROVINCIE LUXEMBURG IN ENKELE BELANGRIJKE CIJFERS<\/h2>\n<p><img decoding=\"async\" class=\"alwaysThinglink thinglinkImage\" src=\"https:\/\/investinluxembourg.be\/wp-content\/uploads\/2023\/07\/scaletowidthtl-5379820424412528661043138249.jpeg\" alt=\"Le Luxembourg belge, une terre pour s'y implanter et d\u00e9velopper son business\" \/><\/p>\n<ul>\n<li style=\"margin-left: 15.0pt;\"><strong>De grootste Waalse provincie<\/strong>: 4.400 km\u00b2, dat is 26,4% van het Waalse grondgebied<\/li>\n<li style=\"margin-left: 15.0pt;\">44 gemeentes waarvan\u00a0<strong>7\u00a0gemeentes met meer dan 10.000 inwoners,<\/strong>goed voor 40% van de bevolking in de provincie<\/li>\n<li style=\"margin-left: 15.0pt;\">364 <strong>arbeidsplaatsen<\/strong> op 30\/06\/2018\u00a0<em>(RSZ \u2013 gedecentraliseerde statistiek &#8211; Berekeningen IWEPS)<\/em><\/li>\n<li style=\"margin-left: 15.0pt;\">8 bedrijven op de 10 stellen\u00a0<strong>minder dan 10 mensen tewerk<\/strong>(zoals in Walloni\u00eb), en de bedrijven van meer dan 100 werknemers (minder dan 2% van de vestigingen) zijn samen goed voor meer dan 33% van de banen in loondienst in de provincie.<\/li>\n<li style=\"margin-left: 15.0pt;\">207\u00a0<strong>zelfstandigen<\/strong>waarvan 7% assistenten op 31\/12\/2018\u00a0<em>(bron: RSVZ)<\/em><\/li>\n<li style=\"margin-left: 15.0pt;\">890\u00a0<strong>inwoners van de provincie werken in Luxemburg<\/strong>op 29\/03\/2019:\n<ul>\n<li style=\"margin-left: 30.0pt;\">= 73% van de Belgische inwoners werkt in het Groothertogdom Luxemburg<\/li>\n<li style=\"margin-left: 30.0pt;\">= 28% van de actieve bevolking van de provincie<\/li>\n<li style=\"margin-left: 30.0pt;\">= bijna 60% van de actieve bevolking van het arrondissement Aarlen is tewerkgesteld in het Groothertogdom Luxemburg\u00a0<em>(bron: Centre commun de la s\u00e9curit\u00e9 sociale du Grand-Duch\u00e9 de Luxembourg \/ Le Forem)<\/em><\/li>\n<\/ul>\n<\/li>\n<li style=\"margin-left: 15.0pt;\">650 ha <strong>bosbestand<\/strong>, wat gelijk is aan 33% van de Waalse oppervlakte\u00a0<em>(bron: Sociaaleconomisch instrumentenbord REAL, januari 2019)<\/em><\/li>\n<li style=\"margin-left: 15.0pt;\">De provincie Luxemburg blijft<strong>de meest toeristische provincie<\/strong>\u00a0van Walloni\u00eb met 2.417.871 overnachtingen in 2017, of 31,4% van de Waalse overnachtingen.\u00a0<strong>De\u00a0<\/strong><a href=\"https:\/\/www.durbuy.be\/\"><strong>Gemeentes Durbuy<\/strong><\/a><strong>\u00a0en\u00a0<\/strong><a href=\"https:\/\/www.vielsalm.be\/\"><strong>Vielsalm<\/strong><\/a>\u00a0staan respectievelijk op de 1<sup>e<\/sup>\u00a0en 3<sup>e<\/sup>\u00a0plaats in Walloni\u00eb als het gaat om aantal overnachtingen in logiesverstrekkende accommodaties met 408.829 en 302.322 overnachtingen. Deze twee samen zijn goed voor bijna 10% van de Waalse overnachtingen en 30% van de overnachtingen in de provincie Luxemburg\u00a0<em>(bron: FOD economie \u2013 Statbel \/ IWEPS)<\/em><\/li>\n<li style=\"margin-left: 15.0pt;\"><a href=\"https:\/\/www.bastogne.be\/\"><strong>Bastogne<\/strong><\/a>\u00a0is ook de 2<sup>e <\/sup>meest bezochte stad door Amerikanen, na Brussel.<\/li>\n<\/ul>\n<p>[\/vc_column_text][vc_widget_sidebar show_bg=&#8221;false&#8221; sidebar_id=&#8221;sidebar_32&#8243;][\/vc_column][\/vc_row]<\/p>\n<\/div>","protected":false},"excerpt":{"rendered":"<p>4 goede redenen om er te investeren: je zit er goed, je wordt er goed omringd, je vindt er goede werkkrachten en het is een aangename streek!<\/p>\n","protected":false},"author":17,"featured_media":6095,"comment_status":"closed","ping_status":"closed","sticky":false,"template":"","format":"standard","meta":{"footnotes":""},"categories":[1],"tags":[1871,1912,1914,1872,1882,1915,1916,1873,1918,1874,1883,1919,1927,1884,1886],"class_list":["post-6716","post","type-post","status-publish","format-standard","has-post-thumbnail","hentry","category-blog-nl","tag-implantation","tag-implantation-nl","tag-invest-nl","tag-invest","tag-investir","tag-investir-nl","tag-luxembourg-belge-nl","tag-luxembourg-belge","tag-province-de-luxembourg-nl","tag-province-de-luxembourg","tag-region-wallonne","tag-region-wallonne-nl","tag-se-faire-conseiller-nl","tag-se-faire-conseiller","tag-secteurs-prioritaires","category-1","description-off"],"yoast_head":"<!-- This site is optimized with the Yoast SEO plugin v27.5 - https:\/\/yoast.com\/product\/yoast-seo-wordpress\/ -->\n<title>Vier redenen om te kiezen voor Belgisch Luxemburg - Idelux<\/title>\n<meta name=\"robots\" content=\"index, follow, max-snippet:-1, max-image-preview:large, max-video-preview:-1\" \/>\n<link rel=\"canonical\" href=\"https:\/\/www.investinluxembourg.be\/nl\/vier-redenen-om-te-kiezen-voor-belgisch-luxemburg\/\" \/>\n<meta property=\"og:locale\" content=\"nl_NL\" \/>\n<meta property=\"og:type\" content=\"article\" \/>\n<meta property=\"og:title\" content=\"Vier redenen om te kiezen voor Belgisch Luxemburg - Idelux\" \/>\n<meta property=\"og:description\" content=\"4 goede redenen om er te investeren: je zit er goed, je wordt er goed omringd, je vindt er goede werkkrachten en het is een aangename streek!\" \/>\n<meta property=\"og:url\" content=\"https:\/\/www.investinluxembourg.be\/nl\/vier-redenen-om-te-kiezen-voor-belgisch-luxemburg\/\" \/>\n<meta property=\"og:site_name\" content=\"Idelux\" \/>\n<meta property=\"article:published_time\" content=\"2020-07-23T09:03:08+00:00\" \/>\n<meta property=\"article:modified_time\" content=\"2023-07-14T07:23:57+00:00\" \/>\n<meta property=\"og:image\" content=\"https:\/\/www.investinluxembourg.be\/wp-content\/uploads\/2023\/07\/scaletowidthtl-5379820424412528661043138249.jpeg\" \/>\n\t<meta property=\"og:image:width\" content=\"1024\" \/>\n\t<meta property=\"og:image:height\" content=\"702\" \/>\n\t<meta property=\"og:image:type\" content=\"image\/jpeg\" \/>\n<meta name=\"author\" content=\"dns\" \/>\n<meta name=\"twitter:card\" content=\"summary_large_image\" \/>\n<meta name=\"twitter:label1\" content=\"Geschreven door\" \/>\n\t<meta name=\"twitter:data1\" content=\"dns\" \/>\n\t<meta name=\"twitter:label2\" content=\"Geschatte leestijd\" \/>\n\t<meta name=\"twitter:data2\" content=\"6 minuten\" \/>\n<script type=\"application\/ld+json\" class=\"yoast-schema-graph\">{\"@context\":\"https:\\\/\\\/schema.org\",\"@graph\":[{\"@type\":\"Article\",\"@id\":\"https:\\\/\\\/www.investinluxembourg.be\\\/nl\\\/vier-redenen-om-te-kiezen-voor-belgisch-luxemburg\\\/#article\",\"isPartOf\":{\"@id\":\"https:\\\/\\\/www.investinluxembourg.be\\\/nl\\\/vier-redenen-om-te-kiezen-voor-belgisch-luxemburg\\\/\"},\"author\":{\"name\":\"dns\",\"@id\":\"https:\\\/\\\/www.investinluxembourg.be\\\/#\\\/schema\\\/person\\\/08057f0257bc89f296a5f08c0ee1ace7\"},\"headline\":\"Vier redenen om te kiezen voor Belgisch Luxemburg\",\"datePublished\":\"2020-07-23T09:03:08+00:00\",\"dateModified\":\"2023-07-14T07:23:57+00:00\",\"mainEntityOfPage\":{\"@id\":\"https:\\\/\\\/www.investinluxembourg.be\\\/nl\\\/vier-redenen-om-te-kiezen-voor-belgisch-luxemburg\\\/\"},\"wordCount\":921,\"image\":{\"@id\":\"https:\\\/\\\/www.investinluxembourg.be\\\/nl\\\/vier-redenen-om-te-kiezen-voor-belgisch-luxemburg\\\/#primaryimage\"},\"thumbnailUrl\":\"https:\\\/\\\/www.investinluxembourg.be\\\/wp-content\\\/uploads\\\/2023\\\/07\\\/scaletowidthtl-5379820424412528661043138249.jpeg\",\"keywords\":[\"Implantation\",\"Implantation\",\"Invest\",\"Invest\",\"Investir\",\"Investir\",\"Luxembourg belge\",\"Luxembourg belge\",\"Province de Luxembourg\",\"Province de Luxembourg\",\"R\u00e9gion wallonne\",\"R\u00e9gion wallonne\",\"Se Faire Conseiller\",\"Se Faire Conseiller\",\"Secteurs Prioritaires\"],\"articleSection\":[\"Blog\"],\"inLanguage\":\"nl-NL\"},{\"@type\":\"WebPage\",\"@id\":\"https:\\\/\\\/www.investinluxembourg.be\\\/nl\\\/vier-redenen-om-te-kiezen-voor-belgisch-luxemburg\\\/\",\"url\":\"https:\\\/\\\/www.investinluxembourg.be\\\/nl\\\/vier-redenen-om-te-kiezen-voor-belgisch-luxemburg\\\/\",\"name\":\"Vier redenen om te kiezen voor Belgisch Luxemburg - Idelux\",\"isPartOf\":{\"@id\":\"https:\\\/\\\/www.investinluxembourg.be\\\/#website\"},\"primaryImageOfPage\":{\"@id\":\"https:\\\/\\\/www.investinluxembourg.be\\\/nl\\\/vier-redenen-om-te-kiezen-voor-belgisch-luxemburg\\\/#primaryimage\"},\"image\":{\"@id\":\"https:\\\/\\\/www.investinluxembourg.be\\\/nl\\\/vier-redenen-om-te-kiezen-voor-belgisch-luxemburg\\\/#primaryimage\"},\"thumbnailUrl\":\"https:\\\/\\\/www.investinluxembourg.be\\\/wp-content\\\/uploads\\\/2023\\\/07\\\/scaletowidthtl-5379820424412528661043138249.jpeg\",\"datePublished\":\"2020-07-23T09:03:08+00:00\",\"dateModified\":\"2023-07-14T07:23:57+00:00\",\"author\":{\"@id\":\"https:\\\/\\\/www.investinluxembourg.be\\\/#\\\/schema\\\/person\\\/08057f0257bc89f296a5f08c0ee1ace7\"},\"breadcrumb\":{\"@id\":\"https:\\\/\\\/www.investinluxembourg.be\\\/nl\\\/vier-redenen-om-te-kiezen-voor-belgisch-luxemburg\\\/#breadcrumb\"},\"inLanguage\":\"nl-NL\",\"potentialAction\":[{\"@type\":\"ReadAction\",\"target\":[\"https:\\\/\\\/www.investinluxembourg.be\\\/nl\\\/vier-redenen-om-te-kiezen-voor-belgisch-luxemburg\\\/\"]}]},{\"@type\":\"ImageObject\",\"inLanguage\":\"nl-NL\",\"@id\":\"https:\\\/\\\/www.investinluxembourg.be\\\/nl\\\/vier-redenen-om-te-kiezen-voor-belgisch-luxemburg\\\/#primaryimage\",\"url\":\"https:\\\/\\\/www.investinluxembourg.be\\\/wp-content\\\/uploads\\\/2023\\\/07\\\/scaletowidthtl-5379820424412528661043138249.jpeg\",\"contentUrl\":\"https:\\\/\\\/www.investinluxembourg.be\\\/wp-content\\\/uploads\\\/2023\\\/07\\\/scaletowidthtl-5379820424412528661043138249.jpeg\",\"width\":1024,\"height\":702},{\"@type\":\"BreadcrumbList\",\"@id\":\"https:\\\/\\\/www.investinluxembourg.be\\\/nl\\\/vier-redenen-om-te-kiezen-voor-belgisch-luxemburg\\\/#breadcrumb\",\"itemListElement\":[{\"@type\":\"ListItem\",\"position\":1,\"name\":\"Accueil\",\"item\":\"https:\\\/\\\/www.investinluxembourg.be\\\/nl\\\/\"},{\"@type\":\"ListItem\",\"position\":2,\"name\":\"Vier redenen om te kiezen voor Belgisch Luxemburg\"}]},{\"@type\":\"WebSite\",\"@id\":\"https:\\\/\\\/www.investinluxembourg.be\\\/#website\",\"url\":\"https:\\\/\\\/www.investinluxembourg.be\\\/\",\"name\":\"Idelux\",\"description\":\"\",\"potentialAction\":[{\"@type\":\"SearchAction\",\"target\":{\"@type\":\"EntryPoint\",\"urlTemplate\":\"https:\\\/\\\/www.investinluxembourg.be\\\/?s={search_term_string}\"},\"query-input\":{\"@type\":\"PropertyValueSpecification\",\"valueRequired\":true,\"valueName\":\"search_term_string\"}}],\"inLanguage\":\"nl-NL\"},{\"@type\":\"Person\",\"@id\":\"https:\\\/\\\/www.investinluxembourg.be\\\/#\\\/schema\\\/person\\\/08057f0257bc89f296a5f08c0ee1ace7\",\"name\":\"dns\"}]}<\/script>\n<!-- \/ Yoast SEO plugin. -->","yoast_head_json":{"title":"Vier redenen om te kiezen voor Belgisch Luxemburg - Idelux","robots":{"index":"index","follow":"follow","max-snippet":"max-snippet:-1","max-image-preview":"max-image-preview:large","max-video-preview":"max-video-preview:-1"},"canonical":"https:\/\/www.investinluxembourg.be\/nl\/vier-redenen-om-te-kiezen-voor-belgisch-luxemburg\/","og_locale":"nl_NL","og_type":"article","og_title":"Vier redenen om te kiezen voor Belgisch Luxemburg - Idelux","og_description":"4 goede redenen om er te investeren: je zit er goed, je wordt er goed omringd, je vindt er goede werkkrachten en het is een aangename streek!","og_url":"https:\/\/www.investinluxembourg.be\/nl\/vier-redenen-om-te-kiezen-voor-belgisch-luxemburg\/","og_site_name":"Idelux","article_published_time":"2020-07-23T09:03:08+00:00","article_modified_time":"2023-07-14T07:23:57+00:00","og_image":[{"width":1024,"height":702,"url":"https:\/\/www.investinluxembourg.be\/wp-content\/uploads\/2023\/07\/scaletowidthtl-5379820424412528661043138249.jpeg","type":"image\/jpeg"}],"author":"dns","twitter_card":"summary_large_image","twitter_misc":{"Geschreven door":"dns","Geschatte leestijd":"6 minuten"},"schema":{"@context":"https:\/\/schema.org","@graph":[{"@type":"Article","@id":"https:\/\/www.investinluxembourg.be\/nl\/vier-redenen-om-te-kiezen-voor-belgisch-luxemburg\/#article","isPartOf":{"@id":"https:\/\/www.investinluxembourg.be\/nl\/vier-redenen-om-te-kiezen-voor-belgisch-luxemburg\/"},"author":{"name":"dns","@id":"https:\/\/www.investinluxembourg.be\/#\/schema\/person\/08057f0257bc89f296a5f08c0ee1ace7"},"headline":"Vier redenen om te kiezen voor Belgisch Luxemburg","datePublished":"2020-07-23T09:03:08+00:00","dateModified":"2023-07-14T07:23:57+00:00","mainEntityOfPage":{"@id":"https:\/\/www.investinluxembourg.be\/nl\/vier-redenen-om-te-kiezen-voor-belgisch-luxemburg\/"},"wordCount":921,"image":{"@id":"https:\/\/www.investinluxembourg.be\/nl\/vier-redenen-om-te-kiezen-voor-belgisch-luxemburg\/#primaryimage"},"thumbnailUrl":"https:\/\/www.investinluxembourg.be\/wp-content\/uploads\/2023\/07\/scaletowidthtl-5379820424412528661043138249.jpeg","keywords":["Implantation","Implantation","Invest","Invest","Investir","Investir","Luxembourg belge","Luxembourg belge","Province de Luxembourg","Province de Luxembourg","R\u00e9gion wallonne","R\u00e9gion wallonne","Se Faire Conseiller","Se Faire Conseiller","Secteurs Prioritaires"],"articleSection":["Blog"],"inLanguage":"nl-NL"},{"@type":"WebPage","@id":"https:\/\/www.investinluxembourg.be\/nl\/vier-redenen-om-te-kiezen-voor-belgisch-luxemburg\/","url":"https:\/\/www.investinluxembourg.be\/nl\/vier-redenen-om-te-kiezen-voor-belgisch-luxemburg\/","name":"Vier redenen om te kiezen voor Belgisch Luxemburg - Idelux","isPartOf":{"@id":"https:\/\/www.investinluxembourg.be\/#website"},"primaryImageOfPage":{"@id":"https:\/\/www.investinluxembourg.be\/nl\/vier-redenen-om-te-kiezen-voor-belgisch-luxemburg\/#primaryimage"},"image":{"@id":"https:\/\/www.investinluxembourg.be\/nl\/vier-redenen-om-te-kiezen-voor-belgisch-luxemburg\/#primaryimage"},"thumbnailUrl":"https:\/\/www.investinluxembourg.be\/wp-content\/uploads\/2023\/07\/scaletowidthtl-5379820424412528661043138249.jpeg","datePublished":"2020-07-23T09:03:08+00:00","dateModified":"2023-07-14T07:23:57+00:00","author":{"@id":"https:\/\/www.investinluxembourg.be\/#\/schema\/person\/08057f0257bc89f296a5f08c0ee1ace7"},"breadcrumb":{"@id":"https:\/\/www.investinluxembourg.be\/nl\/vier-redenen-om-te-kiezen-voor-belgisch-luxemburg\/#breadcrumb"},"inLanguage":"nl-NL","potentialAction":[{"@type":"ReadAction","target":["https:\/\/www.investinluxembourg.be\/nl\/vier-redenen-om-te-kiezen-voor-belgisch-luxemburg\/"]}]},{"@type":"ImageObject","inLanguage":"nl-NL","@id":"https:\/\/www.investinluxembourg.be\/nl\/vier-redenen-om-te-kiezen-voor-belgisch-luxemburg\/#primaryimage","url":"https:\/\/www.investinluxembourg.be\/wp-content\/uploads\/2023\/07\/scaletowidthtl-5379820424412528661043138249.jpeg","contentUrl":"https:\/\/www.investinluxembourg.be\/wp-content\/uploads\/2023\/07\/scaletowidthtl-5379820424412528661043138249.jpeg","width":1024,"height":702},{"@type":"BreadcrumbList","@id":"https:\/\/www.investinluxembourg.be\/nl\/vier-redenen-om-te-kiezen-voor-belgisch-luxemburg\/#breadcrumb","itemListElement":[{"@type":"ListItem","position":1,"name":"Accueil","item":"https:\/\/www.investinluxembourg.be\/nl\/"},{"@type":"ListItem","position":2,"name":"Vier redenen om te kiezen voor Belgisch Luxemburg"}]},{"@type":"WebSite","@id":"https:\/\/www.investinluxembourg.be\/#website","url":"https:\/\/www.investinluxembourg.be\/","name":"Idelux","description":"","potentialAction":[{"@type":"SearchAction","target":{"@type":"EntryPoint","urlTemplate":"https:\/\/www.investinluxembourg.be\/?s={search_term_string}"},"query-input":{"@type":"PropertyValueSpecification","valueRequired":true,"valueName":"search_term_string"}}],"inLanguage":"nl-NL"},{"@type":"Person","@id":"https:\/\/www.investinluxembourg.be\/#\/schema\/person\/08057f0257bc89f296a5f08c0ee1ace7","name":"dns"}]}},"_links":{"self":[{"href":"https:\/\/www.investinluxembourg.be\/nl\/wp-json\/wp\/v2\/posts\/6716","targetHints":{"allow":["GET"]}}],"collection":[{"href":"https:\/\/www.investinluxembourg.be\/nl\/wp-json\/wp\/v2\/posts"}],"about":[{"href":"https:\/\/www.investinluxembourg.be\/nl\/wp-json\/wp\/v2\/types\/post"}],"author":[{"embeddable":true,"href":"https:\/\/www.investinluxembourg.be\/nl\/wp-json\/wp\/v2\/users\/17"}],"replies":[{"embeddable":true,"href":"https:\/\/www.investinluxembourg.be\/nl\/wp-json\/wp\/v2\/comments?post=6716"}],"version-history":[{"count":2,"href":"https:\/\/www.investinluxembourg.be\/nl\/wp-json\/wp\/v2\/posts\/6716\/revisions"}],"predecessor-version":[{"id":7265,"href":"https:\/\/www.investinluxembourg.be\/nl\/wp-json\/wp\/v2\/posts\/6716\/revisions\/7265"}],"wp:featuredmedia":[{"embeddable":true,"href":"https:\/\/www.investinluxembourg.be\/nl\/wp-json\/wp\/v2\/media\/6095"}],"wp:attachment":[{"href":"https:\/\/www.investinluxembourg.be\/nl\/wp-json\/wp\/v2\/media?parent=6716"}],"wp:term":[{"taxonomy":"category","embeddable":true,"href":"https:\/\/www.investinluxembourg.be\/nl\/wp-json\/wp\/v2\/categories?post=6716"},{"taxonomy":"post_tag","embeddable":true,"href":"https:\/\/www.investinluxembourg.be\/nl\/wp-json\/wp\/v2\/tags?post=6716"}],"curies":[{"name":"wp","href":"https:\/\/api.w.org\/{rel}","templated":true}]}}