{"id":6708,"date":"2020-09-01T16:51:04","date_gmt":"2020-09-01T14:51:04","guid":{"rendered":"https:\/\/staging.investinluxembourg.be\/een-spoorwegverbinding-die-van-cruciaal-belang-is-voor-onze-ontwikkeling\/"},"modified":"2024-01-03T09:12:21","modified_gmt":"2024-01-03T08:12:21","slug":"een-spoorwegverbinding-die-van-cruciaal-belang-is-voor-onze-ontwikkeling","status":"publish","type":"post","link":"https:\/\/www.investinluxembourg.be\/nl\/een-spoorwegverbinding-die-van-cruciaal-belang-is-voor-onze-ontwikkeling\/","title":{"rendered":"EEN SPOORWEGVERBINDING DIE VAN CRUCIAAL BELANG IS VOOR ONZE ONTWIKKELING!"},"content":{"rendered":"<div class=\"wpb-content-wrapper\"><p>[vc_row][vc_column][vc_column_text]<strong><span style=\"color: #6f8c91; background-color: white;\">Afgelopen vrijdag startte een belangrijke fase voor de werken aan de nieuwe spoorwegverbinding 165\/3, tussen Belgi\u00eb en Frankrijk, langs de <\/span><\/strong><a href=\"https:\/\/www.investinluxembourg.be\/nl\/voordeel\/containerterminal-van-athus\/\"><strong><span style=\"color: #afcc40; background-color: white;\">Terminal Container Athus (\u201cTCA\u201d)<\/span><\/strong><\/a><strong><span style=\"color: #6f8c91; background-color: white;\">! De constructie van de nieuwe spoortunnel werd ge\u00efnstalleerd onder de Avenue de l\u2019Europe (N830). Dit bouwwerk, met een gewicht van om en bij 3.000 ton, werd op zijn definitieve plaats geschoven met behulp van een veertigtal vijzels. We leggen het u graag even uit!<\/span><\/strong><\/p>\n<p><!--more--><\/p>\n<h2>SPECTACULAIRE WERKEN IN ZICHT<\/h2>\n<p><span style=\"color: #6f8c91;\">Het \u201cbeest\u201d is niet minder dan 9,2 m hoog, 8,6 m breed en 33 m lang. Het werd <strong>gebouwd in 4 maanden tijd, op enkele meters van zijn definitieve locatie<\/strong>. De grote uitdaging? Dit immense bouwwerk onder \u00e9\u00e9n van de drukste gewestwegen van de provincie Luxemburg installeren, met name\u00a0<strong>de avenue de l&#8217;Europe (N830)<\/strong>.<\/span><\/p>\n<p><span style=\"color: #6f8c91;\">Om dit te kunnen doen, werd het weggennet afgesloten voor verkeer vanaf half augustus, om een gat te graven (13.000 m3 afvalgesteente) waarin de nieuwe spoorwegtunnel kon worden geplaatst. Komende vrijdag zal de tunnel over een afstand van 45 m worden verschoven met behulp van vijzels. 42 m om precies te zijn. De constructie zal worden opgetild met behulp van 40 laterale vijzels en hij zal vooruit worden geschoven door 2 grotere vijzels.<strong>\u00a0De volledige werkzaamheden zouden ongeveer 5u moeten duren.<\/strong><\/span><\/p>\n<p><span style=\"color: #6f8c91;\">En wat dan?<\/span><\/p>\n<p><span style=\"color: #6f8c91;\">Er zullen ingrijpende werken aan de spoorwegberm en de openbare weg worden gestart om de N830 weer in zijn oorspronkelijke staat te krijgen. De werken zouden eind augustus afgerond moeten zijn. De werken voor de realisatie van het nieuwe spoorwegplatform en de volledige infrastructuur (goten, ballast, dwarsliggers, rails&#8230;) die de nieuwe verbinding zal vormen, zullen in dezelfde periode plaatsvinden en <strong>zouden tegen volgende zomer afgerond moeten zijn.<\/strong><\/span><\/p>\n<p><span style=\"color: #6f8c91;\">Ontdek alle informatie over de indrukwekkende plaatsing van deze tunnel met spoorwegverbinding tussen Athus en Mont Saint-Martin in de\u00a0<\/span><a href=\"https:\/\/www.rtbf.be\/auvio\/detail_athus-un-maillon-ferroviaire-de-3000-tonnes?id=2671287&amp;fbclid=IwAR28J4-L01pQjwUTMeP5D-p0n05DRV-gQqdR4UMEcIqpgPDrxilGjcSiwrw\"><strong><span style=\"color: #afcc40;\">televisiereportage van de RTBF (in het Frans).<\/span><\/strong><\/a><\/p>\n<p>&nbsp;<\/p>\n<div style=\"text-align: center;\">\n<div style=\"width: 600px;\" class=\"wp-video\"><video class=\"wp-video-shortcode\" id=\"video-6708-1\" width=\"600\" height=\"338\" preload=\"metadata\" controls=\"controls\"><source type=\"video\/mp4\" src=\"https:\/\/investinluxembourg.be\/wp-content\/uploads\/2020\/08\/Travaux-PED.mp4?_=1\" \/><a href=\"https:\/\/investinluxembourg.be\/wp-content\/uploads\/2020\/08\/Travaux-PED.mp4\">https:\/\/investinluxembourg.be\/wp-content\/uploads\/2020\/08\/Travaux-PED.mp4<\/a><\/video><\/div>\n<\/div>\n<p>&nbsp;<\/p>\n<h2>EEN NIEUWE VERBINDING, EEN NIEUW INSTRUMENT VOOR ECONOMISCHE ONTWIKKELING<\/h2>\n<p><a href=\"https:\/\/www.investinluxembourg.be\/nl\/voordeel\/containerterminal-van-athus\/\"><strong><span style=\"color: #afcc40;\">De Terminal Container Athus<\/span><\/strong><\/a><span style=\"color: #6f8c91;\">\u00a0is de eerste \u201cdroge haven\u201d van Belgi\u00eb. In 2019, werden er, dankzij de multimodale combinatie spoorwegennet-wegennet, bijna<strong>\u00a076.067 zeecontainers<\/strong>, langs de infrastructuur vervoerd, richting de havens aan de Noordzee of de regio Saarland-Lotharingen-Luxemburg.<\/span><\/p>\n<p><span style=\"color: #6f8c91;\">Op dit moment hebben de bedrijven die beroep willen doen op de diensten van de \u201cTCA\u201d, nog geen rechtstreekse toegang tot Frankrijk. Dit maakt de transportmanoeuvres moeilijker en heeft nadelige gevolgen voor de aantrekkelijkheid van het multimodale aanbod. <\/span><a href=\"https:\/\/infrabel.be\/nl\"><strong><span style=\"color: #afcc40;\">Infrabel<\/span><\/strong><\/a><span style=\"color: #6f8c91;\">\u00a0en\u00a0<\/span><a href=\"http:\/\/www.idelux.be\/\"><strong><span style=\"color: #afcc40;\">de Intercommunale IDELUX<\/span><\/strong><\/a><span style=\"color: #6f8c91;\">\u00a0\u2013 beheerder van de site \u2013 zijn zich bewust van de economische en ecologische uitdagingen en werken al jarenlang aan het project voor de\u00a0<strong>nieuwe verbinding tussen Athus (B) en Mont\u2010Saint\u2010Martin (F).<\/strong>\u00a0Dit project kon uiteindelijk worden gerealiseerd dankzij de financi\u00eble en operationele steun van verschillende partners:\u00a0<strong>Europa, de Federale Staat, Walloni\u00eb, Infrabel, IDELUX en <\/strong><\/span><a href=\"https:\/\/www.sncf-reseau.com\/fr\"><strong><span style=\"color: #afcc40;\">SNCF R\u00e9seau.<\/span><\/strong><\/a><\/p>\n<p><img decoding=\"async\" style=\"width: 600px; display: block; margin: 0px auto;\" src=\"https:\/\/investinluxembourg.be\/wp-content\/uploads\/2023\/07\/TCA-Luxembourg-belge.jpg\" alt=\"TCA Luxembourg belge\" width=\"600\" \/><\/p>\n<p><span style=\"color: #6f8c91;\">Dankzij deze werken kan de<\/span><a href=\"https:\/\/www.investinluxembourg.be\/nl\/voordeel\/containerterminal-van-athus\/\"><strong><span style=\"color: #afcc40;\">\u00a0Terminal Container Athus\u00a0<\/span><\/strong><\/a><span style=\"color: #6f8c91;\">evolueren van de status \u201cterminal\u201d naar de status\u00a0<strong>\u201cinternationale hub\u201d,<\/strong>\u00a0waarbij nieuwe perspectieven worden geboden aan de economische ontwikkeling van deze site van 16 hectaren (waar 49 personen zijn tewerkgesteld) en voor de volledige regio Zuid-Luxemburg. Deze werken zullen daarom een bijdrage leveren voor de toename van de capaciteit van de internationale Goederencorridor waarmee \u201cTCA\u201d is verbonden en de <strong>promotie van de \u201cmodale shift\u201d die we allemaal willen waarmaken.<\/strong><\/span><\/p>\n<p><span style=\"font-weight: bold;\"><img decoding=\"async\" style=\"width: 600px; display: block; margin: 0px auto;\" src=\"https:\/\/investinluxembourg.be\/wp-content\/uploads\/2023\/07\/Terminal-Container-Athus-Luxembourg-belge-4.jpeg\" alt=\"Terminal Container Athus - Luxembourg belge (4)\" width=\"600\" \/><\/span><\/p>\n<h2>VERBETERDE CAPACITEIT TUSSEN DE NOORDZEE EN DE MIDDELLANDSE ZEE<\/h2>\n<p><span style=\"color: #6f8c91;\">Athus bevindt zich aan de rand van \u00e9\u00e9n van de 3 Europese goederencorridors door Belgi\u00eb, de Rail Freigth Corridor North Sea-Mediterranean (RFC NSM), die de haven van Antwerpen verbindt met de Middellandse Zee. Afgelopen jaar maakten\u00a0<strong>meer dan 11.500 goederentreinen gebruik van deze as die algemeen bekend is als de \u201cAthus-Maaslijn\u201d<\/strong>. Dat betekent dat ongeveer 13 miljoen ton (brutotonnage) langs de spoorweg werd vervoerd, waardoor het equivalent van ongeveer 400.000 opleggers op onze autowegen kon worden vermeden! Dat is positief, want er wordt vanuit gegaan dat spoorvervoer\u00a0<strong>6 keer minder energie verbruikt dan wegvervoer en dat er 9 keer minder CO2 wordt uitgestoten.<\/strong><\/span><\/p>\n<p><span style=\"color: #6f8c91;\">De aanleg van deze nieuwe verbinding zal ervoor zorgen dat de capaciteit van het transport in deze corridor nog verder kan toenemen, dankzij de dubbele spoorweg richting Frankrijk.\u00a0<strong>Deze nieuwe spoorweg vormt tevens een nieuwe doorgang naar Frankrijk via de lijn \u201cBrussel-Namen-Aarlen\u201d,<\/strong>\u00a0de huidige \u201cbis\u201d-route van de RFC2.<\/span><\/p>\n<p><span style=\"color: #6f8c91;\">En nog belangrijker: de aanleg van deze ontbrekende schakel is \u00e9\u00e9n van de elementen waardoor de Europese en Belgische spoorwegbedrijven hun ambitie kunnen waarmaken: <strong>het volume van goederenverkeer via het treinnet verdubbelen tegen 2030.<\/strong>\u00a0Alle partners van dit project leveren dus een bijdrage voor de Europese doelstellingen inzake de vermindering van vervuilende uitstoot en de beperking van files op het wegennet.<\/span><\/p>\n<h2>EEN TOTALE INVESTERING VAN 20,2 MILJOEN EURO<\/h2>\n<p><span style=\"color: #6f8c91;\">De verbinding \u201cAthus\u2010Mont\u2010Saint\u2010Martin\u201d is \u00e9\u00e9n van de projecten uit het strategisch meerjareninvesteringsplan (SMIP) van <\/span><a href=\"https:\/\/infrabel.be\/nl\"><strong><span style=\"color: #afcc40;\">Infrabel<\/span><\/strong><\/a><span style=\"color: #6f8c91;\">. Daarom wordt het project gefinancierd door de federale bijdrage van de Federale Minister van Mobiliteit (zogenaamd \u201cgerechtvaardigd\u201d), voor een totaalbedrag\u00a0<strong>van 9,2 miljoen euro.<\/strong>\u00a0Het Waals Gewest cofinanciert deze werkzaamheden voor een bedrag van\u00a0<strong>5,1 miljoen euro.<\/strong>\u00a0De Europese subsidies voor dit project (van <strong>CEF en EFRO<\/strong>\u00a0lopen op tot respectievelijke bedragen die elk zijn gelimiteerd\u00a0<strong>tot ongeveer 2,8 miljoen euro<\/strong>). Daarnaast levert IDELUX een bijdrage van ongeveer <strong>300.000 euro<\/strong> en de SNCF R\u00e9seau sluit het budget af, voor een totaalbedrag van <strong>20,2 miljoen euro.<\/strong><\/span>[\/vc_column_text]<style type=\"text\/css\" data-type=\"the7_shortcodes-inline-css\">#default-btn-336826a1d345778cd6d3603f086c4d6f.ico-right-side > i {\n  margin-right: 0px;\n  margin-left: 8px;\n}\n#default-btn-336826a1d345778cd6d3603f086c4d6f > i {\n  margin-right: 8px;\n}<\/style><a href=\"https:\/\/investinluxembourg.be\/nl\/contact\/\" class=\"default-btn-shortcode dt-btn dt-btn-l link-hover-off btn-inline-left \" id=\"default-btn-336826a1d345778cd6d3603f086c4d6f\" title=\"Neem contact met ons op\"><span>Contacteer ons!<\/span><\/a>[\/vc_column][\/vc_row]<\/p>\n<\/div>","protected":false},"excerpt":{"rendered":"<p>Afgelopen vrijdag startte een belangrijke fase voor de werken aan de nieuwe spoorwegverbinding, tussen Belgi\u00eb en Frankrijk, langs de Terminal Container Athus.<\/p>\n","protected":false},"author":17,"featured_media":6713,"comment_status":"closed","ping_status":"closed","sticky":false,"template":"","format":"standard","meta":{"footnotes":""},"categories":[1],"tags":[1923,1911,1914,1915,1922,1916,1918,1919,1933,1934],"class_list":["post-6708","post","type-post","status-publish","format-standard","has-post-thumbnail","hentry","category-blog-nl","tag-entreprises-nl","tag-guichet-unique-nl","tag-invest-nl","tag-investir-nl","tag-logistique-nl","tag-luxembourg-belge-nl","tag-province-de-luxembourg-nl","tag-region-wallonne-nl","tag-secteurs-prioritaires-nl","tag-terminal-container-athus-nl","category-1","description-off"],"yoast_head":"<!-- This site is optimized with the Yoast SEO plugin v27.5 - https:\/\/yoast.com\/product\/yoast-seo-wordpress\/ -->\n<title>EEN SPOORWEGVERBINDING DIE VAN CRUCIAAL BELANG IS VOOR ONZE ONTWIKKELING! - Idelux<\/title>\n<meta name=\"robots\" content=\"index, follow, max-snippet:-1, max-image-preview:large, max-video-preview:-1\" \/>\n<link rel=\"canonical\" href=\"https:\/\/www.investinluxembourg.be\/nl\/een-spoorwegverbinding-die-van-cruciaal-belang-is-voor-onze-ontwikkeling\/\" \/>\n<meta property=\"og:locale\" content=\"nl_NL\" \/>\n<meta property=\"og:type\" content=\"article\" \/>\n<meta property=\"og:title\" content=\"EEN SPOORWEGVERBINDING DIE VAN CRUCIAAL BELANG IS VOOR ONZE ONTWIKKELING! - Idelux\" \/>\n<meta property=\"og:description\" content=\"Afgelopen vrijdag startte een belangrijke fase voor de werken aan de nieuwe spoorwegverbinding, tussen Belgi\u00eb en Frankrijk, langs de Terminal Container Athus.\" \/>\n<meta property=\"og:url\" content=\"https:\/\/www.investinluxembourg.be\/nl\/een-spoorwegverbinding-die-van-cruciaal-belang-is-voor-onze-ontwikkeling\/\" \/>\n<meta property=\"og:site_name\" content=\"Idelux\" \/>\n<meta property=\"article:published_time\" content=\"2020-09-01T14:51:04+00:00\" \/>\n<meta property=\"article:modified_time\" content=\"2024-01-03T08:12:21+00:00\" \/>\n<meta property=\"og:image\" content=\"https:\/\/www.investinluxembourg.be\/wp-content\/uploads\/2023\/07\/Terminal-Container-Athus-Luxembourg-belge-1-1.jpeg\" \/>\n\t<meta property=\"og:image:width\" content=\"1620\" \/>\n\t<meta property=\"og:image:height\" content=\"1080\" \/>\n\t<meta property=\"og:image:type\" content=\"image\/jpeg\" \/>\n<meta name=\"author\" content=\"dns\" \/>\n<meta name=\"twitter:card\" content=\"summary_large_image\" \/>\n<meta name=\"twitter:label1\" content=\"Geschreven door\" \/>\n\t<meta name=\"twitter:data1\" content=\"dns\" \/>\n\t<meta name=\"twitter:label2\" content=\"Geschatte leestijd\" \/>\n\t<meta name=\"twitter:data2\" content=\"6 minuten\" \/>\n<script type=\"application\/ld+json\" class=\"yoast-schema-graph\">{\"@context\":\"https:\\\/\\\/schema.org\",\"@graph\":[{\"@type\":\"Article\",\"@id\":\"https:\\\/\\\/www.investinluxembourg.be\\\/nl\\\/een-spoorwegverbinding-die-van-cruciaal-belang-is-voor-onze-ontwikkeling\\\/#article\",\"isPartOf\":{\"@id\":\"https:\\\/\\\/www.investinluxembourg.be\\\/nl\\\/een-spoorwegverbinding-die-van-cruciaal-belang-is-voor-onze-ontwikkeling\\\/\"},\"author\":{\"name\":\"dns\",\"@id\":\"https:\\\/\\\/www.investinluxembourg.be\\\/#\\\/schema\\\/person\\\/08057f0257bc89f296a5f08c0ee1ace7\"},\"headline\":\"EEN SPOORWEGVERBINDING DIE VAN CRUCIAAL BELANG IS VOOR ONZE ONTWIKKELING!\",\"datePublished\":\"2020-09-01T14:51:04+00:00\",\"dateModified\":\"2024-01-03T08:12:21+00:00\",\"mainEntityOfPage\":{\"@id\":\"https:\\\/\\\/www.investinluxembourg.be\\\/nl\\\/een-spoorwegverbinding-die-van-cruciaal-belang-is-voor-onze-ontwikkeling\\\/\"},\"wordCount\":900,\"image\":{\"@id\":\"https:\\\/\\\/www.investinluxembourg.be\\\/nl\\\/een-spoorwegverbinding-die-van-cruciaal-belang-is-voor-onze-ontwikkeling\\\/#primaryimage\"},\"thumbnailUrl\":\"https:\\\/\\\/www.investinluxembourg.be\\\/wp-content\\\/uploads\\\/2023\\\/07\\\/Terminal-Container-Athus-Luxembourg-belge-1-1.jpeg\",\"keywords\":[\"Entreprises\",\"Guichet Unique\",\"Invest\",\"Investir\",\"Logistique\",\"Luxembourg belge\",\"Province de Luxembourg\",\"R\u00e9gion wallonne\",\"Secteurs Prioritaires\",\"Terminal Container Athus\"],\"articleSection\":[\"Blog\"],\"inLanguage\":\"nl-NL\"},{\"@type\":\"WebPage\",\"@id\":\"https:\\\/\\\/www.investinluxembourg.be\\\/nl\\\/een-spoorwegverbinding-die-van-cruciaal-belang-is-voor-onze-ontwikkeling\\\/\",\"url\":\"https:\\\/\\\/www.investinluxembourg.be\\\/nl\\\/een-spoorwegverbinding-die-van-cruciaal-belang-is-voor-onze-ontwikkeling\\\/\",\"name\":\"EEN SPOORWEGVERBINDING DIE VAN CRUCIAAL BELANG IS VOOR ONZE ONTWIKKELING! - Idelux\",\"isPartOf\":{\"@id\":\"https:\\\/\\\/www.investinluxembourg.be\\\/#website\"},\"primaryImageOfPage\":{\"@id\":\"https:\\\/\\\/www.investinluxembourg.be\\\/nl\\\/een-spoorwegverbinding-die-van-cruciaal-belang-is-voor-onze-ontwikkeling\\\/#primaryimage\"},\"image\":{\"@id\":\"https:\\\/\\\/www.investinluxembourg.be\\\/nl\\\/een-spoorwegverbinding-die-van-cruciaal-belang-is-voor-onze-ontwikkeling\\\/#primaryimage\"},\"thumbnailUrl\":\"https:\\\/\\\/www.investinluxembourg.be\\\/wp-content\\\/uploads\\\/2023\\\/07\\\/Terminal-Container-Athus-Luxembourg-belge-1-1.jpeg\",\"datePublished\":\"2020-09-01T14:51:04+00:00\",\"dateModified\":\"2024-01-03T08:12:21+00:00\",\"author\":{\"@id\":\"https:\\\/\\\/www.investinluxembourg.be\\\/#\\\/schema\\\/person\\\/08057f0257bc89f296a5f08c0ee1ace7\"},\"breadcrumb\":{\"@id\":\"https:\\\/\\\/www.investinluxembourg.be\\\/nl\\\/een-spoorwegverbinding-die-van-cruciaal-belang-is-voor-onze-ontwikkeling\\\/#breadcrumb\"},\"inLanguage\":\"nl-NL\",\"potentialAction\":[{\"@type\":\"ReadAction\",\"target\":[\"https:\\\/\\\/www.investinluxembourg.be\\\/nl\\\/een-spoorwegverbinding-die-van-cruciaal-belang-is-voor-onze-ontwikkeling\\\/\"]}]},{\"@type\":\"ImageObject\",\"inLanguage\":\"nl-NL\",\"@id\":\"https:\\\/\\\/www.investinluxembourg.be\\\/nl\\\/een-spoorwegverbinding-die-van-cruciaal-belang-is-voor-onze-ontwikkeling\\\/#primaryimage\",\"url\":\"https:\\\/\\\/www.investinluxembourg.be\\\/wp-content\\\/uploads\\\/2023\\\/07\\\/Terminal-Container-Athus-Luxembourg-belge-1-1.jpeg\",\"contentUrl\":\"https:\\\/\\\/www.investinluxembourg.be\\\/wp-content\\\/uploads\\\/2023\\\/07\\\/Terminal-Container-Athus-Luxembourg-belge-1-1.jpeg\",\"width\":1620,\"height\":1080},{\"@type\":\"BreadcrumbList\",\"@id\":\"https:\\\/\\\/www.investinluxembourg.be\\\/nl\\\/een-spoorwegverbinding-die-van-cruciaal-belang-is-voor-onze-ontwikkeling\\\/#breadcrumb\",\"itemListElement\":[{\"@type\":\"ListItem\",\"position\":1,\"name\":\"Accueil\",\"item\":\"https:\\\/\\\/www.investinluxembourg.be\\\/nl\\\/\"},{\"@type\":\"ListItem\",\"position\":2,\"name\":\"EEN SPOORWEGVERBINDING DIE VAN CRUCIAAL BELANG IS VOOR ONZE ONTWIKKELING!\"}]},{\"@type\":\"WebSite\",\"@id\":\"https:\\\/\\\/www.investinluxembourg.be\\\/#website\",\"url\":\"https:\\\/\\\/www.investinluxembourg.be\\\/\",\"name\":\"Idelux\",\"description\":\"\",\"potentialAction\":[{\"@type\":\"SearchAction\",\"target\":{\"@type\":\"EntryPoint\",\"urlTemplate\":\"https:\\\/\\\/www.investinluxembourg.be\\\/?s={search_term_string}\"},\"query-input\":{\"@type\":\"PropertyValueSpecification\",\"valueRequired\":true,\"valueName\":\"search_term_string\"}}],\"inLanguage\":\"nl-NL\"},{\"@type\":\"Person\",\"@id\":\"https:\\\/\\\/www.investinluxembourg.be\\\/#\\\/schema\\\/person\\\/08057f0257bc89f296a5f08c0ee1ace7\",\"name\":\"dns\"}]}<\/script>\n<!-- \/ Yoast SEO plugin. -->","yoast_head_json":{"title":"EEN SPOORWEGVERBINDING DIE VAN CRUCIAAL BELANG IS VOOR ONZE ONTWIKKELING! - Idelux","robots":{"index":"index","follow":"follow","max-snippet":"max-snippet:-1","max-image-preview":"max-image-preview:large","max-video-preview":"max-video-preview:-1"},"canonical":"https:\/\/www.investinluxembourg.be\/nl\/een-spoorwegverbinding-die-van-cruciaal-belang-is-voor-onze-ontwikkeling\/","og_locale":"nl_NL","og_type":"article","og_title":"EEN SPOORWEGVERBINDING DIE VAN CRUCIAAL BELANG IS VOOR ONZE ONTWIKKELING! - Idelux","og_description":"Afgelopen vrijdag startte een belangrijke fase voor de werken aan de nieuwe spoorwegverbinding, tussen Belgi\u00eb en Frankrijk, langs de Terminal Container Athus.","og_url":"https:\/\/www.investinluxembourg.be\/nl\/een-spoorwegverbinding-die-van-cruciaal-belang-is-voor-onze-ontwikkeling\/","og_site_name":"Idelux","article_published_time":"2020-09-01T14:51:04+00:00","article_modified_time":"2024-01-03T08:12:21+00:00","og_image":[{"width":1620,"height":1080,"url":"https:\/\/www.investinluxembourg.be\/wp-content\/uploads\/2023\/07\/Terminal-Container-Athus-Luxembourg-belge-1-1.jpeg","type":"image\/jpeg"}],"author":"dns","twitter_card":"summary_large_image","twitter_misc":{"Geschreven door":"dns","Geschatte leestijd":"6 minuten"},"schema":{"@context":"https:\/\/schema.org","@graph":[{"@type":"Article","@id":"https:\/\/www.investinluxembourg.be\/nl\/een-spoorwegverbinding-die-van-cruciaal-belang-is-voor-onze-ontwikkeling\/#article","isPartOf":{"@id":"https:\/\/www.investinluxembourg.be\/nl\/een-spoorwegverbinding-die-van-cruciaal-belang-is-voor-onze-ontwikkeling\/"},"author":{"name":"dns","@id":"https:\/\/www.investinluxembourg.be\/#\/schema\/person\/08057f0257bc89f296a5f08c0ee1ace7"},"headline":"EEN SPOORWEGVERBINDING DIE VAN CRUCIAAL BELANG IS VOOR ONZE ONTWIKKELING!","datePublished":"2020-09-01T14:51:04+00:00","dateModified":"2024-01-03T08:12:21+00:00","mainEntityOfPage":{"@id":"https:\/\/www.investinluxembourg.be\/nl\/een-spoorwegverbinding-die-van-cruciaal-belang-is-voor-onze-ontwikkeling\/"},"wordCount":900,"image":{"@id":"https:\/\/www.investinluxembourg.be\/nl\/een-spoorwegverbinding-die-van-cruciaal-belang-is-voor-onze-ontwikkeling\/#primaryimage"},"thumbnailUrl":"https:\/\/www.investinluxembourg.be\/wp-content\/uploads\/2023\/07\/Terminal-Container-Athus-Luxembourg-belge-1-1.jpeg","keywords":["Entreprises","Guichet Unique","Invest","Investir","Logistique","Luxembourg belge","Province de Luxembourg","R\u00e9gion wallonne","Secteurs Prioritaires","Terminal Container Athus"],"articleSection":["Blog"],"inLanguage":"nl-NL"},{"@type":"WebPage","@id":"https:\/\/www.investinluxembourg.be\/nl\/een-spoorwegverbinding-die-van-cruciaal-belang-is-voor-onze-ontwikkeling\/","url":"https:\/\/www.investinluxembourg.be\/nl\/een-spoorwegverbinding-die-van-cruciaal-belang-is-voor-onze-ontwikkeling\/","name":"EEN SPOORWEGVERBINDING DIE VAN CRUCIAAL BELANG IS VOOR ONZE ONTWIKKELING! - Idelux","isPartOf":{"@id":"https:\/\/www.investinluxembourg.be\/#website"},"primaryImageOfPage":{"@id":"https:\/\/www.investinluxembourg.be\/nl\/een-spoorwegverbinding-die-van-cruciaal-belang-is-voor-onze-ontwikkeling\/#primaryimage"},"image":{"@id":"https:\/\/www.investinluxembourg.be\/nl\/een-spoorwegverbinding-die-van-cruciaal-belang-is-voor-onze-ontwikkeling\/#primaryimage"},"thumbnailUrl":"https:\/\/www.investinluxembourg.be\/wp-content\/uploads\/2023\/07\/Terminal-Container-Athus-Luxembourg-belge-1-1.jpeg","datePublished":"2020-09-01T14:51:04+00:00","dateModified":"2024-01-03T08:12:21+00:00","author":{"@id":"https:\/\/www.investinluxembourg.be\/#\/schema\/person\/08057f0257bc89f296a5f08c0ee1ace7"},"breadcrumb":{"@id":"https:\/\/www.investinluxembourg.be\/nl\/een-spoorwegverbinding-die-van-cruciaal-belang-is-voor-onze-ontwikkeling\/#breadcrumb"},"inLanguage":"nl-NL","potentialAction":[{"@type":"ReadAction","target":["https:\/\/www.investinluxembourg.be\/nl\/een-spoorwegverbinding-die-van-cruciaal-belang-is-voor-onze-ontwikkeling\/"]}]},{"@type":"ImageObject","inLanguage":"nl-NL","@id":"https:\/\/www.investinluxembourg.be\/nl\/een-spoorwegverbinding-die-van-cruciaal-belang-is-voor-onze-ontwikkeling\/#primaryimage","url":"https:\/\/www.investinluxembourg.be\/wp-content\/uploads\/2023\/07\/Terminal-Container-Athus-Luxembourg-belge-1-1.jpeg","contentUrl":"https:\/\/www.investinluxembourg.be\/wp-content\/uploads\/2023\/07\/Terminal-Container-Athus-Luxembourg-belge-1-1.jpeg","width":1620,"height":1080},{"@type":"BreadcrumbList","@id":"https:\/\/www.investinluxembourg.be\/nl\/een-spoorwegverbinding-die-van-cruciaal-belang-is-voor-onze-ontwikkeling\/#breadcrumb","itemListElement":[{"@type":"ListItem","position":1,"name":"Accueil","item":"https:\/\/www.investinluxembourg.be\/nl\/"},{"@type":"ListItem","position":2,"name":"EEN SPOORWEGVERBINDING DIE VAN CRUCIAAL BELANG IS VOOR ONZE ONTWIKKELING!"}]},{"@type":"WebSite","@id":"https:\/\/www.investinluxembourg.be\/#website","url":"https:\/\/www.investinluxembourg.be\/","name":"Idelux","description":"","potentialAction":[{"@type":"SearchAction","target":{"@type":"EntryPoint","urlTemplate":"https:\/\/www.investinluxembourg.be\/?s={search_term_string}"},"query-input":{"@type":"PropertyValueSpecification","valueRequired":true,"valueName":"search_term_string"}}],"inLanguage":"nl-NL"},{"@type":"Person","@id":"https:\/\/www.investinluxembourg.be\/#\/schema\/person\/08057f0257bc89f296a5f08c0ee1ace7","name":"dns"}]}},"_links":{"self":[{"href":"https:\/\/www.investinluxembourg.be\/nl\/wp-json\/wp\/v2\/posts\/6708","targetHints":{"allow":["GET"]}}],"collection":[{"href":"https:\/\/www.investinluxembourg.be\/nl\/wp-json\/wp\/v2\/posts"}],"about":[{"href":"https:\/\/www.investinluxembourg.be\/nl\/wp-json\/wp\/v2\/types\/post"}],"author":[{"embeddable":true,"href":"https:\/\/www.investinluxembourg.be\/nl\/wp-json\/wp\/v2\/users\/17"}],"replies":[{"embeddable":true,"href":"https:\/\/www.investinluxembourg.be\/nl\/wp-json\/wp\/v2\/comments?post=6708"}],"version-history":[{"count":5,"href":"https:\/\/www.investinluxembourg.be\/nl\/wp-json\/wp\/v2\/posts\/6708\/revisions"}],"predecessor-version":[{"id":8754,"href":"https:\/\/www.investinluxembourg.be\/nl\/wp-json\/wp\/v2\/posts\/6708\/revisions\/8754"}],"wp:featuredmedia":[{"embeddable":true,"href":"https:\/\/www.investinluxembourg.be\/nl\/wp-json\/wp\/v2\/media\/6713"}],"wp:attachment":[{"href":"https:\/\/www.investinluxembourg.be\/nl\/wp-json\/wp\/v2\/media?parent=6708"}],"wp:term":[{"taxonomy":"category","embeddable":true,"href":"https:\/\/www.investinluxembourg.be\/nl\/wp-json\/wp\/v2\/categories?post=6708"},{"taxonomy":"post_tag","embeddable":true,"href":"https:\/\/www.investinluxembourg.be\/nl\/wp-json\/wp\/v2\/tags?post=6708"}],"curies":[{"name":"wp","href":"https:\/\/api.w.org\/{rel}","templated":true}]}}