{"id":6706,"date":"2020-10-27T13:52:57","date_gmt":"2020-10-27T12:52:57","guid":{"rendered":"https:\/\/staging.investinluxembourg.be\/idelux-ondersteunt-bedrijven-in-hun-transitie-naar-koolstofarme-activiteiten\/"},"modified":"2023-09-13T09:35:29","modified_gmt":"2023-09-13T07:35:29","slug":"idelux-ondersteunt-bedrijven-in-hun-transitie-naar-koolstofarme-activiteiten","status":"publish","type":"post","link":"https:\/\/www.investinluxembourg.be\/nl\/idelux-ondersteunt-bedrijven-in-hun-transitie-naar-koolstofarme-activiteiten\/","title":{"rendered":"IDELUX ondersteunt bedrijven in hun transitie naar &#8220;koolstofarme&#8221; activiteiten"},"content":{"rendered":"<div class=\"wpb-content-wrapper\"><p>[vc_row][vc_column][vc_column_text]<strong><span style=\"font-size: 12.0pt; color: #6f8c91;\">Hoe kan ik mijn energieverbruik verminderen, mijn toeleveringsketen herzien en mijn grondstoffen effici\u00ebnter inzetten? Waar kan ik mij bevoorraden? Wat moet ik doen met mijn afval? Wat gebeurt er met mijn producten aan het einde van hun levensduur? Het team van <\/span><\/strong><span style=\"color: black;\"><a href=\"https:\/\/www.investinluxembourg.be\/nl\/\"><strong><span style=\"font-size: 12.0pt; color: #afcc40;\">IDELUX D\u00e9veloppement<\/span><\/strong><\/a><\/span><strong><span style=\"font-size: 12.0pt; color: #6f8c91;\"> kan u de nodige ondersteuning bieden voor uw transitie naar een koolstofarm bedrijfsmodel.<\/span><\/strong><\/p>\n<p><!--more--><\/p>\n<h2>onderneem actie !<\/h2>\n<p style=\"font-weight: 400; text-align: start; background-color: #ffffff;\"><span style=\"font-size: 12.0pt; color: #6f8c91;\">September 2020: \u00e9\u00e9n van de vele dingen die \u201cCovid\u201d ons heeft geleerd, is onze afhankelijkheid: <strong>we zijn kwetsbaar omwille van onze toeleveringsketen van en naar alle uithoeken van de wereld die plots kan worden onderbroken, maar ook de afhankelijkheid van fossiele brandstoffen waarvan het intensieve gebruik \u00e9\u00e9n van de belangrijkste oorzaken van luchtvervuiling en verstoring van het klimaat vormt.<\/strong>\u00a0Daarbij komt nog de <strong>geplande uitputting van de gekende reserves van tientallen grondstoffen en de voortdurende ophoping van afval<\/strong>\u00a0die zorgt voor een echte impasse, omdat we het afval langer kunnen exporteren en de afvalverwerking tonnen geld kost.\u00a0Als kers op de taart zien we dat nieuwe generaties klanten beginnen te klagen over de <strong>producten en de behoefte aan een betere dienstverlening die duurzamer is en meer respect heeft voor het milieu.<\/strong><\/span><\/p>\n<p style=\"font-weight: 400; text-align: start; background-color: #ffffff;\"><span style=\"font-size: 12.0pt; color: #6f8c91;\">In de provincie Luxemburg zien we dat verschillende bedrijven, net als elders in het land, hebben geanticipeerd op deze veranderingen in de regelgeving. Om er maar enkele te noemen:\u00a0<\/span><span style=\"color: black;\"><a href=\"http:\/\/www.mima-films.com\/\"><strong><span style=\"font-size: 12.0pt; color: #afcc40;\">Mima Films<\/span><\/strong><\/a><\/span><strong><span style=\"font-size: 12.0pt; color: #6f8c91;\">,\u00a0<\/span><\/strong><span style=\"color: black;\"><a href=\"https:\/\/www.ferrero.com\/\"><strong><span style=\"font-size: 12.0pt; color: #afcc40;\">Ferrero<\/span><\/strong><\/a><\/span><strong><span style=\"font-size: 12.0pt; color: #6f8c91;\">,\u00a0<\/span><\/strong><span style=\"color: black;\"><a href=\"https:\/\/www.ampacet.com\/\"><strong><span style=\"font-size: 12.0pt; color: #afcc40;\">Ampacet<\/span><\/strong><\/a><\/span><strong><span style=\"font-size: 12.0pt; color: #6f8c91;\">,\u00a0<\/span><\/strong><span style=\"color: black;\"><a href=\"https:\/\/www.burgo.com\/en\/group\/paper-mills\/burgo-ardennes\"><strong><span style=\"font-size: 12.0pt; color: #afcc40;\">Burgo<\/span><\/strong><\/a><\/span><strong><span style=\"font-size: 12.0pt; color: #6f8c91;\">,\u00a0<\/span><\/strong><span style=\"color: black;\"><a href=\"http:\/\/www.stallbois.com\/\"><strong><span style=\"font-size: 12.0pt; color: #afcc40;\">Stalbois<\/span><\/strong><\/a><\/span><strong><span style=\"font-size: 12.0pt; color: #6f8c91;\">,\u00a0<\/span><\/strong><span style=\"color: black;\"><a href=\"https:\/\/www.solarec.be\/\"><strong><span style=\"font-size: 12.0pt; color: #afcc40;\">Solarec<\/span><\/strong><\/a><\/span><strong><span style=\"font-size: 12.0pt; color: #6f8c91;\">\u00a0maar ook de\u00a0<\/span><\/strong><span style=\"color: black;\"><a href=\"https:\/\/chouffe.com\/\"><strong><span style=\"font-size: 12.0pt; color: #afcc40;\">brouwerijen van Achouffe<\/span><\/strong><\/a><\/span><strong><span style=\"font-size: 12.0pt; color: #6f8c91;\">\u00a0en <\/span><\/strong><span style=\"color: black;\"><a href=\"https:\/\/www.orval.be\/nl\/\"><strong><span style=\"font-size: 12.0pt; color: #afcc40;\">Orval<\/span><\/strong><\/a><\/span><strong><span style=\"font-size: 12.0pt; color: #6f8c91;\">,\u00a0<\/span><\/strong><span style=\"color: black;\"><a href=\"http:\/\/q-food.be\/nl\"><strong><span style=\"font-size: 12.0pt; color: #afcc40;\">Q-Food<\/span><\/strong><\/a><\/span><strong><span style=\"font-size: 12.0pt; color: #6f8c91;\">,\u00a0<\/span><\/strong><span style=\"color: black;\"><a href=\"https:\/\/www.scidus.com\/\"><strong><span style=\"font-size: 12.0pt; color: #afcc40;\">Scidus<\/span><\/strong><\/a><\/span><span style=\"font-size: 12.0pt; color: #6f8c91;\">\u00a0en, voor de supermarkten, de AD Delhaize van Bertrix, Habay&#8230; Het merendeel van de &#8211; kleine of grote &#8211; bedrijven &#8211; die zich inzetten voor een \u201ckoolstofarme\u201d transitie, doet dit op vrijwillige basis.<\/span><\/p>\n<p style=\"font-weight: 400; text-align: start; background-color: #ffffff;\"><span style=\"font-size: 12.0pt; color: #6f8c91;\">Het Waals Gewest voert een reeks steunmaatregelen en andere maatregelen in om deze overgang te vereenvoudigen voor zijn bedrijven. Deze transitie aard namelijk slecht op kleine, onbeduidende \u201cmaatregeltjes\u201d en vereist een grondige wijziging van verschillende aspecten van de economische activiteit: het energieverbruik, de CO2-uitstoot, de mobiliteit, het productontwerp, de verwerking van restafval, het waterbeheer&#8230;<\/span><\/p>\n<p style=\"font-weight: 400; text-align: start; background-color: #ffffff;\"><img decoding=\"async\" style=\"width: 686px;\" src=\"https:\/\/investinluxembourg.be\/wp-content\/uploads\/2023\/07\/Capture-V1.jpg\" alt=\"APPOSITE (bardage et lambris en bois br\u00fbl\u00e9 produits en circuit court pour am\u00e9nagements ext\u00e9rieurs et int\u00e9rieurs - technique japonaise ancestrale de pr\u00e9servation Yakisugi \/ Shu Sugi Ban : peu \u00e9nergivore, sans produits nocifs, dur\u00e9e de vie du bois accrue, prot\u00e8ge des champignons et insectes, meilleure r\u00e9sistance au feu, esth\u00e9tique incomparable)\" width=\"686\" \/><\/p>\n<h2>in de praktijk<\/h2>\n<p><span style=\"color: black;\"><a href=\"https:\/\/www.idelux.be\/fr\/guillaume-burette\"><strong><span style=\"font-size: 12.0pt; color: #afcc40;\">Guillaume BURETTE<\/span><\/strong><\/a><\/span><strong><span style=\"font-size: 12.0pt; color: #6f8c91;\">,\u00a0<\/span><\/strong><span style=\"font-size: 12.0pt; color: #6f8c91;\">Adviseur Ondernemingen bij IDELUX en d\u00e9 contactpersoon voor \u201ckoolstofarme\u201d transitie, heeft als taak om u te ondersteunen in het denkwerk dat vooraf gaat aan uw transitie naar een \u201ckoolstofarme\u201d activiteit en naar een veerkrachtig model van circulaire economie.<\/span><\/p>\n<p><span style=\"font-size: 12.0pt; color: #6f8c91;\">Hij wordt ondersteund door het team van IDELUX D\u00e9veloppement om samen te zitten met de bedrijven en projectontwikkelaars uit de provincie Luxemburg en hen een voorstel te doen <strong>voor een gratis \u201ckoolstofarme\u201d diagnose van hun bedrijf<\/strong>\u00a0(energie-effici\u00ebntie, hernieuwbare energie, gefluoreerde gassen, circulaire economie waaronder korte ketens). Deze interventie &#8211; diagnose en verslag \u2013\u00a0<strong>richt zich voornamelijk op kmo\u2019s, zeer kleine bedrijven en zelfstandigen<\/strong>. Het principe is gebaseerd op de de-minimissteun. De onderneming moet zelf dus niets betalen voor de diensten van de \u201ccontactpersoon koolstofarme transitie\u201d.<\/span><\/p>\n<p><span style=\"font-size: 12.0pt; color: #6f8c91;\">Samen met het <\/span><span style=\"color: black;\"><a href=\"https:\/\/www.ccilb.be\/fr\/\"><span style=\"font-size: 12.0pt; color: #afcc40;\">CCILB<\/span><\/a><\/span><span style=\"font-size: 12.0pt; color: #6f8c91;\">,\u00a0<strong>analyseert hij de energieprestaties<\/strong>\u00a0van uw gebouw en uw machinepark, uw waterverbruik, de wetgeving inzake gefluoreerde gassen, enz. zodat\u00a0<strong>u uw kosten kunt beperken<\/strong>. Daarnaast kan hij ook\u00a0<strong>uw procedures analyseren<\/strong>\u00a0door middel van de identificatie van de materiaalstromen, het afvalbeheer, de logistieke organisatie van de bevoorrading en de distributie\u2026<\/span><\/p>\n<p><span style=\"font-size: 12.0pt; color: #6f8c91;\">Voor de binnenkomende materialen en goederen zal hij samen met u bekijken of er, bijvoorbeeld, een mogelijkheid bestaat om uw leveranciers te diversifi\u00ebren zodat u minder kwetsbaar bent voor mogelijke risico\u2019s tijdens de bevoorrading, zoals we dat recent hebben meegemaakt. Voor de uitgaande materialen en goederen zal hij analyseren hoe u de inherente kosten van afvalbeheer uit uw activiteit kan beperken. Daarnaast zal hij samen met u bekijken of u uw klanten kunt diversifi\u00ebren en op welke manier u het best tegemoet kunt komen aan hun behoeften.<\/span><\/p>\n<p><span style=\"font-size: 12.0pt; color: #6f8c91;\">Naast de gepersonaliseerde diensten voor de onderneming, zal hij acties aanhalen die verschillende bedrijven tegelijkertijd kunnen helpen: de aankoop van grondstoffen, toegang tot groene energie, gezamenlijk afvalbeheer&#8230; Bovendien kunnen gemeenschappelijke workshops de samenwerking tussen de betrokken bedrijven bevorderen.<\/span><\/p>\n<p><img decoding=\"async\" style=\"width: 5755px;\" src=\"https:\/\/investinluxembourg.be\/wp-content\/uploads\/2023\/07\/DSC4272-scaled.jpg\" alt=\"ATELIER VACHON-FRANCE (construction m\u00e9tallique sur mesure pour professionnels et particuliers)\" width=\"5755\" \/><\/p>\n<h2>en verder&#8230;<\/h2>\n<p><span style=\"font-size: 12.0pt; color: #6f8c91;\">Naast de diagnose kan\u00a0<\/span><span style=\"color: black;\"><a href=\"https:\/\/www.investinluxembourg.be\/nl\/\"><strong><span style=\"font-size: 12.0pt; color: #afcc40;\">IDELUX D\u00e9veloppement<\/span><\/strong><\/a><\/span><span style=\"font-size: 12.0pt; color: #6f8c91;\">\u00a0u de weg wijzen naar\u00a0<strong>aangepaste hulp<\/strong>\u00a0(cheques voor erkende bedrijven en professionals die u kunnen helpen om uw CO2-impact te verminderen, cheques voor energie of circulaire economie en de vergoeding van de tussenkomst van een professional tot 75% van het totaalbedrag dankzij het Waals gewest).<\/span><\/p>\n<p><span style=\"font-size: 12.0pt; color: #6f8c91;\">En als u eerder nood hebt aan financiering dan expertise voor uw transitie naar een \u201ckoolstofarme\u201d economie, vormen de producten van Easy Green een ideale oplossing om tot 100% van uw behoeften te financieren. Dat is bijvoorbeeld het geval wanneer u uw verwarmingsketel wilt vervangen door een model dat minder energie verbruikt, uw koelinstallaties wilt laten werken op een gas dat minder CO2 uitstoot, of zonnepanelen wilt laten installeren&#8230; Beschikt u niet over voldoende financi\u00eble middelen om zulke investeringen te doen? Dat geeft niet&#8230; IDELUX D\u00e9veloppement en <\/span><span style=\"color: black;\"><a href=\"http:\/\/www.sowalfin.be\/\"><strong><span style=\"font-size: 12.0pt; color: #afcc40;\">Sowalfin<\/span><\/strong><\/a><\/span><span style=\"font-size: 12.0pt; color: #6f8c91;\">\u00a0bieden u een gepaste oplossing.<\/span><\/p>\n<p><span style=\"font-size: 12.0pt; color: #6f8c91;\"><strong>Wist u trouwens dat de meest succesvolle bedrijven van dit moment allemaal bewust hebben gekozen voor een transitie naar een \u201ckoolstofarme\u201d economie?<\/strong>\u00a0Hebben we uw interesse gewekt? Bent u benieuwd?\u00a0<\/span>[\/vc_column_text]<style type=\"text\/css\" data-type=\"the7_shortcodes-inline-css\">#default-btn-336826a1d345778cd6d3603f086c4d6f.ico-right-side > i {\n  margin-right: 0px;\n  margin-left: 8px;\n}\n#default-btn-336826a1d345778cd6d3603f086c4d6f > i {\n  margin-right: 8px;\n}<\/style><a href=\"https:\/\/investinluxembourg.be\/nl\/contact\/\" class=\"default-btn-shortcode dt-btn dt-btn-l link-hover-off btn-inline-left \" id=\"default-btn-336826a1d345778cd6d3603f086c4d6f\" title=\"Neem contact met ons op\"><span>Maak een afspraak met ons<\/span><\/a>[\/vc_column][\/vc_row]<\/p>\n<\/div>","protected":false},"excerpt":{"rendered":"<p>Hoe kan ik mijn energieverbruik verminderen? Wat moet ik doen met mijn afval? Het team van IDELUX D\u00e9veloppement kan u de nodige ondersteuning bieden voor uw transitie naar een koolstofarm bedrijfsmodel.<\/p>\n","protected":false},"author":17,"featured_media":6049,"comment_status":"closed","ping_status":"closed","sticky":false,"template":"","format":"standard","meta":{"footnotes":""},"categories":[1],"tags":[1932,1911,1913,1916,1918,1919,1927,1924],"class_list":["post-6706","post","type-post","status-publish","format-standard","has-post-thumbnail","hentry","category-blog-nl","tag-aides-nl","tag-guichet-unique-nl","tag-innover-nl","tag-luxembourg-belge-nl","tag-province-de-luxembourg-nl","tag-region-wallonne-nl","tag-se-faire-conseiller-nl","tag-wallonie-nl","category-1","description-off"],"yoast_head":"<!-- This site is optimized with the Yoast SEO plugin v27.5 - https:\/\/yoast.com\/product\/yoast-seo-wordpress\/ -->\n<title>IDELUX ondersteunt bedrijven in hun transitie naar &quot;koolstofarme&quot; activiteiten - Idelux<\/title>\n<meta name=\"robots\" content=\"index, follow, max-snippet:-1, max-image-preview:large, max-video-preview:-1\" \/>\n<link rel=\"canonical\" href=\"https:\/\/www.investinluxembourg.be\/nl\/idelux-ondersteunt-bedrijven-in-hun-transitie-naar-koolstofarme-activiteiten\/\" \/>\n<meta property=\"og:locale\" content=\"nl_NL\" \/>\n<meta property=\"og:type\" content=\"article\" \/>\n<meta property=\"og:title\" content=\"IDELUX ondersteunt bedrijven in hun transitie naar &quot;koolstofarme&quot; activiteiten - Idelux\" \/>\n<meta property=\"og:description\" content=\"Hoe kan ik mijn energieverbruik verminderen? Wat moet ik doen met mijn afval? Het team van IDELUX D\u00e9veloppement kan u de nodige ondersteuning bieden voor uw transitie naar een koolstofarm bedrijfsmodel.\" \/>\n<meta property=\"og:url\" content=\"https:\/\/www.investinluxembourg.be\/nl\/idelux-ondersteunt-bedrijven-in-hun-transitie-naar-koolstofarme-activiteiten\/\" \/>\n<meta property=\"og:site_name\" content=\"Idelux\" \/>\n<meta property=\"article:published_time\" content=\"2020-10-27T12:52:57+00:00\" \/>\n<meta property=\"article:modified_time\" content=\"2023-09-13T07:35:29+00:00\" \/>\n<meta property=\"og:image\" content=\"https:\/\/www.investinluxembourg.be\/wp-content\/uploads\/2023\/07\/DSC4213-scaled.jpg\" \/>\n\t<meta property=\"og:image:width\" content=\"1920\" \/>\n\t<meta property=\"og:image:height\" content=\"1280\" \/>\n\t<meta property=\"og:image:type\" content=\"image\/jpeg\" \/>\n<meta name=\"author\" content=\"dns\" \/>\n<meta name=\"twitter:card\" content=\"summary_large_image\" \/>\n<meta name=\"twitter:label1\" content=\"Geschreven door\" \/>\n\t<meta name=\"twitter:data1\" content=\"dns\" \/>\n\t<meta name=\"twitter:label2\" content=\"Geschatte leestijd\" \/>\n\t<meta name=\"twitter:data2\" content=\"5 minuten\" \/>\n<script type=\"application\/ld+json\" class=\"yoast-schema-graph\">{\"@context\":\"https:\\\/\\\/schema.org\",\"@graph\":[{\"@type\":\"Article\",\"@id\":\"https:\\\/\\\/www.investinluxembourg.be\\\/nl\\\/idelux-ondersteunt-bedrijven-in-hun-transitie-naar-koolstofarme-activiteiten\\\/#article\",\"isPartOf\":{\"@id\":\"https:\\\/\\\/www.investinluxembourg.be\\\/nl\\\/idelux-ondersteunt-bedrijven-in-hun-transitie-naar-koolstofarme-activiteiten\\\/\"},\"author\":{\"name\":\"dns\",\"@id\":\"https:\\\/\\\/www.investinluxembourg.be\\\/#\\\/schema\\\/person\\\/08057f0257bc89f296a5f08c0ee1ace7\"},\"headline\":\"IDELUX ondersteunt bedrijven in hun transitie naar &#8220;koolstofarme&#8221; activiteiten\",\"datePublished\":\"2020-10-27T12:52:57+00:00\",\"dateModified\":\"2023-09-13T07:35:29+00:00\",\"mainEntityOfPage\":{\"@id\":\"https:\\\/\\\/www.investinluxembourg.be\\\/nl\\\/idelux-ondersteunt-bedrijven-in-hun-transitie-naar-koolstofarme-activiteiten\\\/\"},\"wordCount\":867,\"image\":{\"@id\":\"https:\\\/\\\/www.investinluxembourg.be\\\/nl\\\/idelux-ondersteunt-bedrijven-in-hun-transitie-naar-koolstofarme-activiteiten\\\/#primaryimage\"},\"thumbnailUrl\":\"https:\\\/\\\/www.investinluxembourg.be\\\/wp-content\\\/uploads\\\/2023\\\/07\\\/DSC4213-scaled.jpg\",\"keywords\":[\"Aides\",\"Guichet Unique\",\"Innover\",\"Luxembourg belge\",\"Province de Luxembourg\",\"R\u00e9gion wallonne\",\"Se Faire Conseiller\",\"Wallonie\"],\"articleSection\":[\"Blog\"],\"inLanguage\":\"nl-NL\"},{\"@type\":\"WebPage\",\"@id\":\"https:\\\/\\\/www.investinluxembourg.be\\\/nl\\\/idelux-ondersteunt-bedrijven-in-hun-transitie-naar-koolstofarme-activiteiten\\\/\",\"url\":\"https:\\\/\\\/www.investinluxembourg.be\\\/nl\\\/idelux-ondersteunt-bedrijven-in-hun-transitie-naar-koolstofarme-activiteiten\\\/\",\"name\":\"IDELUX ondersteunt bedrijven in hun transitie naar \\\"koolstofarme\\\" activiteiten - Idelux\",\"isPartOf\":{\"@id\":\"https:\\\/\\\/www.investinluxembourg.be\\\/#website\"},\"primaryImageOfPage\":{\"@id\":\"https:\\\/\\\/www.investinluxembourg.be\\\/nl\\\/idelux-ondersteunt-bedrijven-in-hun-transitie-naar-koolstofarme-activiteiten\\\/#primaryimage\"},\"image\":{\"@id\":\"https:\\\/\\\/www.investinluxembourg.be\\\/nl\\\/idelux-ondersteunt-bedrijven-in-hun-transitie-naar-koolstofarme-activiteiten\\\/#primaryimage\"},\"thumbnailUrl\":\"https:\\\/\\\/www.investinluxembourg.be\\\/wp-content\\\/uploads\\\/2023\\\/07\\\/DSC4213-scaled.jpg\",\"datePublished\":\"2020-10-27T12:52:57+00:00\",\"dateModified\":\"2023-09-13T07:35:29+00:00\",\"author\":{\"@id\":\"https:\\\/\\\/www.investinluxembourg.be\\\/#\\\/schema\\\/person\\\/08057f0257bc89f296a5f08c0ee1ace7\"},\"breadcrumb\":{\"@id\":\"https:\\\/\\\/www.investinluxembourg.be\\\/nl\\\/idelux-ondersteunt-bedrijven-in-hun-transitie-naar-koolstofarme-activiteiten\\\/#breadcrumb\"},\"inLanguage\":\"nl-NL\",\"potentialAction\":[{\"@type\":\"ReadAction\",\"target\":[\"https:\\\/\\\/www.investinluxembourg.be\\\/nl\\\/idelux-ondersteunt-bedrijven-in-hun-transitie-naar-koolstofarme-activiteiten\\\/\"]}]},{\"@type\":\"ImageObject\",\"inLanguage\":\"nl-NL\",\"@id\":\"https:\\\/\\\/www.investinluxembourg.be\\\/nl\\\/idelux-ondersteunt-bedrijven-in-hun-transitie-naar-koolstofarme-activiteiten\\\/#primaryimage\",\"url\":\"https:\\\/\\\/www.investinluxembourg.be\\\/wp-content\\\/uploads\\\/2023\\\/07\\\/DSC4213-scaled.jpg\",\"contentUrl\":\"https:\\\/\\\/www.investinluxembourg.be\\\/wp-content\\\/uploads\\\/2023\\\/07\\\/DSC4213-scaled.jpg\",\"width\":1920,\"height\":1280},{\"@type\":\"BreadcrumbList\",\"@id\":\"https:\\\/\\\/www.investinluxembourg.be\\\/nl\\\/idelux-ondersteunt-bedrijven-in-hun-transitie-naar-koolstofarme-activiteiten\\\/#breadcrumb\",\"itemListElement\":[{\"@type\":\"ListItem\",\"position\":1,\"name\":\"Accueil\",\"item\":\"https:\\\/\\\/www.investinluxembourg.be\\\/nl\\\/\"},{\"@type\":\"ListItem\",\"position\":2,\"name\":\"IDELUX ondersteunt bedrijven in hun transitie naar \u00ab\u00a0koolstofarme\u00a0\u00bb activiteiten\"}]},{\"@type\":\"WebSite\",\"@id\":\"https:\\\/\\\/www.investinluxembourg.be\\\/#website\",\"url\":\"https:\\\/\\\/www.investinluxembourg.be\\\/\",\"name\":\"Idelux\",\"description\":\"\",\"potentialAction\":[{\"@type\":\"SearchAction\",\"target\":{\"@type\":\"EntryPoint\",\"urlTemplate\":\"https:\\\/\\\/www.investinluxembourg.be\\\/?s={search_term_string}\"},\"query-input\":{\"@type\":\"PropertyValueSpecification\",\"valueRequired\":true,\"valueName\":\"search_term_string\"}}],\"inLanguage\":\"nl-NL\"},{\"@type\":\"Person\",\"@id\":\"https:\\\/\\\/www.investinluxembourg.be\\\/#\\\/schema\\\/person\\\/08057f0257bc89f296a5f08c0ee1ace7\",\"name\":\"dns\"}]}<\/script>\n<!-- \/ Yoast SEO plugin. -->","yoast_head_json":{"title":"IDELUX ondersteunt bedrijven in hun transitie naar \"koolstofarme\" activiteiten - Idelux","robots":{"index":"index","follow":"follow","max-snippet":"max-snippet:-1","max-image-preview":"max-image-preview:large","max-video-preview":"max-video-preview:-1"},"canonical":"https:\/\/www.investinluxembourg.be\/nl\/idelux-ondersteunt-bedrijven-in-hun-transitie-naar-koolstofarme-activiteiten\/","og_locale":"nl_NL","og_type":"article","og_title":"IDELUX ondersteunt bedrijven in hun transitie naar \"koolstofarme\" activiteiten - Idelux","og_description":"Hoe kan ik mijn energieverbruik verminderen? Wat moet ik doen met mijn afval? Het team van IDELUX D\u00e9veloppement kan u de nodige ondersteuning bieden voor uw transitie naar een koolstofarm bedrijfsmodel.","og_url":"https:\/\/www.investinluxembourg.be\/nl\/idelux-ondersteunt-bedrijven-in-hun-transitie-naar-koolstofarme-activiteiten\/","og_site_name":"Idelux","article_published_time":"2020-10-27T12:52:57+00:00","article_modified_time":"2023-09-13T07:35:29+00:00","og_image":[{"width":1920,"height":1280,"url":"https:\/\/www.investinluxembourg.be\/wp-content\/uploads\/2023\/07\/DSC4213-scaled.jpg","type":"image\/jpeg"}],"author":"dns","twitter_card":"summary_large_image","twitter_misc":{"Geschreven door":"dns","Geschatte leestijd":"5 minuten"},"schema":{"@context":"https:\/\/schema.org","@graph":[{"@type":"Article","@id":"https:\/\/www.investinluxembourg.be\/nl\/idelux-ondersteunt-bedrijven-in-hun-transitie-naar-koolstofarme-activiteiten\/#article","isPartOf":{"@id":"https:\/\/www.investinluxembourg.be\/nl\/idelux-ondersteunt-bedrijven-in-hun-transitie-naar-koolstofarme-activiteiten\/"},"author":{"name":"dns","@id":"https:\/\/www.investinluxembourg.be\/#\/schema\/person\/08057f0257bc89f296a5f08c0ee1ace7"},"headline":"IDELUX ondersteunt bedrijven in hun transitie naar &#8220;koolstofarme&#8221; activiteiten","datePublished":"2020-10-27T12:52:57+00:00","dateModified":"2023-09-13T07:35:29+00:00","mainEntityOfPage":{"@id":"https:\/\/www.investinluxembourg.be\/nl\/idelux-ondersteunt-bedrijven-in-hun-transitie-naar-koolstofarme-activiteiten\/"},"wordCount":867,"image":{"@id":"https:\/\/www.investinluxembourg.be\/nl\/idelux-ondersteunt-bedrijven-in-hun-transitie-naar-koolstofarme-activiteiten\/#primaryimage"},"thumbnailUrl":"https:\/\/www.investinluxembourg.be\/wp-content\/uploads\/2023\/07\/DSC4213-scaled.jpg","keywords":["Aides","Guichet Unique","Innover","Luxembourg belge","Province de Luxembourg","R\u00e9gion wallonne","Se Faire Conseiller","Wallonie"],"articleSection":["Blog"],"inLanguage":"nl-NL"},{"@type":"WebPage","@id":"https:\/\/www.investinluxembourg.be\/nl\/idelux-ondersteunt-bedrijven-in-hun-transitie-naar-koolstofarme-activiteiten\/","url":"https:\/\/www.investinluxembourg.be\/nl\/idelux-ondersteunt-bedrijven-in-hun-transitie-naar-koolstofarme-activiteiten\/","name":"IDELUX ondersteunt bedrijven in hun transitie naar \"koolstofarme\" activiteiten - Idelux","isPartOf":{"@id":"https:\/\/www.investinluxembourg.be\/#website"},"primaryImageOfPage":{"@id":"https:\/\/www.investinluxembourg.be\/nl\/idelux-ondersteunt-bedrijven-in-hun-transitie-naar-koolstofarme-activiteiten\/#primaryimage"},"image":{"@id":"https:\/\/www.investinluxembourg.be\/nl\/idelux-ondersteunt-bedrijven-in-hun-transitie-naar-koolstofarme-activiteiten\/#primaryimage"},"thumbnailUrl":"https:\/\/www.investinluxembourg.be\/wp-content\/uploads\/2023\/07\/DSC4213-scaled.jpg","datePublished":"2020-10-27T12:52:57+00:00","dateModified":"2023-09-13T07:35:29+00:00","author":{"@id":"https:\/\/www.investinluxembourg.be\/#\/schema\/person\/08057f0257bc89f296a5f08c0ee1ace7"},"breadcrumb":{"@id":"https:\/\/www.investinluxembourg.be\/nl\/idelux-ondersteunt-bedrijven-in-hun-transitie-naar-koolstofarme-activiteiten\/#breadcrumb"},"inLanguage":"nl-NL","potentialAction":[{"@type":"ReadAction","target":["https:\/\/www.investinluxembourg.be\/nl\/idelux-ondersteunt-bedrijven-in-hun-transitie-naar-koolstofarme-activiteiten\/"]}]},{"@type":"ImageObject","inLanguage":"nl-NL","@id":"https:\/\/www.investinluxembourg.be\/nl\/idelux-ondersteunt-bedrijven-in-hun-transitie-naar-koolstofarme-activiteiten\/#primaryimage","url":"https:\/\/www.investinluxembourg.be\/wp-content\/uploads\/2023\/07\/DSC4213-scaled.jpg","contentUrl":"https:\/\/www.investinluxembourg.be\/wp-content\/uploads\/2023\/07\/DSC4213-scaled.jpg","width":1920,"height":1280},{"@type":"BreadcrumbList","@id":"https:\/\/www.investinluxembourg.be\/nl\/idelux-ondersteunt-bedrijven-in-hun-transitie-naar-koolstofarme-activiteiten\/#breadcrumb","itemListElement":[{"@type":"ListItem","position":1,"name":"Accueil","item":"https:\/\/www.investinluxembourg.be\/nl\/"},{"@type":"ListItem","position":2,"name":"IDELUX ondersteunt bedrijven in hun transitie naar \u00ab\u00a0koolstofarme\u00a0\u00bb activiteiten"}]},{"@type":"WebSite","@id":"https:\/\/www.investinluxembourg.be\/#website","url":"https:\/\/www.investinluxembourg.be\/","name":"Idelux","description":"","potentialAction":[{"@type":"SearchAction","target":{"@type":"EntryPoint","urlTemplate":"https:\/\/www.investinluxembourg.be\/?s={search_term_string}"},"query-input":{"@type":"PropertyValueSpecification","valueRequired":true,"valueName":"search_term_string"}}],"inLanguage":"nl-NL"},{"@type":"Person","@id":"https:\/\/www.investinluxembourg.be\/#\/schema\/person\/08057f0257bc89f296a5f08c0ee1ace7","name":"dns"}]}},"_links":{"self":[{"href":"https:\/\/www.investinluxembourg.be\/nl\/wp-json\/wp\/v2\/posts\/6706","targetHints":{"allow":["GET"]}}],"collection":[{"href":"https:\/\/www.investinluxembourg.be\/nl\/wp-json\/wp\/v2\/posts"}],"about":[{"href":"https:\/\/www.investinluxembourg.be\/nl\/wp-json\/wp\/v2\/types\/post"}],"author":[{"embeddable":true,"href":"https:\/\/www.investinluxembourg.be\/nl\/wp-json\/wp\/v2\/users\/17"}],"replies":[{"embeddable":true,"href":"https:\/\/www.investinluxembourg.be\/nl\/wp-json\/wp\/v2\/comments?post=6706"}],"version-history":[{"count":3,"href":"https:\/\/www.investinluxembourg.be\/nl\/wp-json\/wp\/v2\/posts\/6706\/revisions"}],"predecessor-version":[{"id":8350,"href":"https:\/\/www.investinluxembourg.be\/nl\/wp-json\/wp\/v2\/posts\/6706\/revisions\/8350"}],"wp:featuredmedia":[{"embeddable":true,"href":"https:\/\/www.investinluxembourg.be\/nl\/wp-json\/wp\/v2\/media\/6049"}],"wp:attachment":[{"href":"https:\/\/www.investinluxembourg.be\/nl\/wp-json\/wp\/v2\/media?parent=6706"}],"wp:term":[{"taxonomy":"category","embeddable":true,"href":"https:\/\/www.investinluxembourg.be\/nl\/wp-json\/wp\/v2\/categories?post=6706"},{"taxonomy":"post_tag","embeddable":true,"href":"https:\/\/www.investinluxembourg.be\/nl\/wp-json\/wp\/v2\/tags?post=6706"}],"curies":[{"name":"wp","href":"https:\/\/api.w.org\/{rel}","templated":true}]}}