{"id":6642,"date":"2021-05-21T15:47:03","date_gmt":"2021-05-21T13:47:03","guid":{"rendered":"https:\/\/staging.investinluxembourg.be\/in-2020-vestigden-26-bedrijven-zich-in-belgisch-luxemburg\/"},"modified":"2024-01-03T08:44:01","modified_gmt":"2024-01-03T07:44:01","slug":"in-2020-vestigden-26-bedrijven-zich-in-belgisch-luxemburg","status":"publish","type":"post","link":"https:\/\/www.investinluxembourg.be\/nl\/in-2020-vestigden-26-bedrijven-zich-in-belgisch-luxemburg\/","title":{"rendered":"In 2020 vestigden 26 bedrijven zich in Belgisch Luxemburg"},"content":{"rendered":"<div class=\"wpb-content-wrapper\"><p>[vc_row][vc_column][vc_column_text]<\/p>\n<p style=\"font-weight: bold; text-align: justify;\">In 2020 besloten 26 bedrijven om te investeren in \u00e9\u00e9n van de <a href=\"https:\/\/www.idelux.be\/fr\/parcs-d-activites-economiques.html?IDC=2509\" target=\"_blank\" rel=\"noopener\">51 bedrijvenparken<\/a> van <a href=\"https:\/\/www.investinluxembourg.be\/nl\/\" target=\"_blank\" rel=\"noopener\">IDELUX D\u00e9veloppement<\/a> verspreid over de provincie Luxemburg. Dat is een bemoedigend resultaat voor onze economie, gezien de aanhoudende gezondheidssituatie. Vooral omdat deze trend begin 2021 wordt voortgezet.<\/p>\n<p><!--more--><\/p>\n<h2>Mooie resultaten in 2020<\/h2>\n<p style=\"font-weight: 400; text-align: justify; background-color: #ffffff;\">De resultaten voor de verkoop en verhuur zijn een aangename verrassing voor ons team. Er werden 26 onroerende goederen verkocht. Dat betekent dat 26 teams goed hebben nagedacht over hun groei en hebben besloten om te investeren in onroerend goed, ondanks de gezondheidssituatie.<\/p>\n<p style=\"font-weight: 400; text-align: justify; background-color: #ffffff;\">In totaal werd <span style=\"font-weight: bold;\">bijna 16 ha<\/span>, of een gemiddelde van <span style=\"font-weight: bold;\">ongeveer 6.000 m\u00b2 per project<\/span>, aangekocht. Samen zijn deze <span style=\"font-weight: bold;\">26 bedrijven goed voor 401 banen<\/span>. En dus genieten dagelijks evenveel families van een comfortabel leven dankzij onze bedrijvenparken.<\/p>\n<p style=\"font-weight: 400; text-align: justify; background-color: #ffffff;\">Als de bedrijven niet werken met eigen vermogen, moeten ze geld lenen. Met andere woorden, ze moeten andere bedrijven of bankinstellingen kunnen overtuigen van de betrouwbaarheid van hun projecten. Dit hebben ze met succes gedaan. Bovendien dragen nieuwe vestigingen bij tot de dynamiek van de bouwsector en zelfs van de industri\u00eble apparatuur. Dit is wat sommigen een opwaartse spiraal noemen, waaraan wij graag een bijdrage leveren.<\/p>\n<h2>Laten we kennis maken met 3 van deze bedrijven<\/h2>\n<p style=\"text-align: justify;\">We hebben ervoor gekozen om drie van de 26 nieuwe ondernemingen in de kijker te zetten. We beginnen met <a href=\"https:\/\/www.fromageriedusamson.com\/\" target=\"_blank\" rel=\"noopener\">La Fromagerie du Samson<\/a> in Mozet in de provincie Namen. Deze kaasmakerij maakt al bijna 40 jaar heerlijke zuivelproducten op basis van zorgvuldig geselecteerde ingredi\u00ebnten om uw smaakpapillen te prikkelen. De kaasmakerij kreeg het biocertificaat en zijn nieuwe eigenaar &#8211; Vincent VERLEYEN &#8211; kreeg zes jaar geleden de <span style=\"font-weight: bold;\">prijs van beste kaasmaker van Belgi\u00eb<\/span>. Om aan de groeiende vraag te voldoen, richt de <span style=\"font-weight: bold;\">kaasmakerij een nieuwe productie-eenheid voor ambachtelijke kazen op basis van rauwe melk op in het <a href=\"https:\/\/www.idelux.be\/fr\/marche-en-famenne-wex.html?IDC=2509&amp;IDD=1613\" target=\"_blank\" rel=\"noopener\">bedrijvenpark Wex (Marche-en-Famenne)<\/a><\/span>. De nieuwe kaasmakerij werd ontworpen om de identieke sfeer van een rijpingskelder na te bootsen en werd ge\u00efnspireerd op een innovatie van de <a href=\"https:\/\/www.mons-fromages.com\/\" target=\"_blank\" rel=\"noopener\">Fromagerie Mons in Auvergne<\/a> (F).<\/p>\n<p><img decoding=\"async\" style=\"width: 7952px;\" src=\"https:\/\/investinluxembourg.be\/wp-content\/uploads\/2023\/07\/DSC09529.jpg\" alt=\"DSC09529\" width=\"7952\" \/><\/p>\n<p><span style=\"font-weight: bold;\">Het familiebedrijf <a href=\"http:\/\/www.robertysprl.be\/\" target=\"_blank\" rel=\"noopener\">Roberty<\/a><\/span> is al drie generaties lang <span style=\"font-weight: bold;\">gespecialiseerd in wegenwerken en ruimtelijke ordening<\/span> voor zowel particuliere als openbare opdrachtgevers. Sinds 2013 is de vennootschap gevestigd in het <a href=\"https:\/\/www.idelux.be\/fr\/manhay-vaux-chavanne.html?IDC=2509&amp;IDD=1607\" target=\"_blank\" rel=\"noopener\"><span style=\"font-weight: bold;\">bedrijvenpark van Vaux-Chavanne (Manhay)<\/span><\/a>. <span style=\"font-weight: bold;\">Haar activiteit is in volle groei<\/span>. Het bewijs? Het bedrijf is onlangs uitgebreid van 20 naar <span style=\"font-weight: bold;\">47 werknemers<\/span>. De vennootschap kocht onlangs een <span style=\"font-weight: bold;\">bijkomend terrein (\u00b11 ha) voor de ontwikkeling van de productie van mager beton en gekalkte grond vanuit haar grondwerken<\/span>. Het project: de installatie van verwerkingsunit (vultrechters, transportbanden, betonmixer), een weegschaal en een technisch gebouw.<\/p>\n<p style=\"text-align: justify;\"><img decoding=\"async\" style=\"width: 7952px;\" src=\"https:\/\/investinluxembourg.be\/wp-content\/uploads\/2023\/07\/DSC09210.jpg\" alt=\"DSC09210\" width=\"7952\" \/><\/p>\n<p style=\"text-align: justify;\"><span style=\"font-weight: bold;\">BJX<\/span> is <span style=\"font-weight: bold;\">actief in de wegenbouw van snelwegen: grondwerken, bouw, aanplanting en signalisatie. Het bedrijf ontwikkelt en onderhoudt ook groene ruimtes en speelplaatsen<\/span>. De vennootschap is gevestigd in Perwijs, in Waals-Brabant, en heeft <span style=\"font-weight: bold;\">25 mensen<\/span> in dienst. Met haar beslissing om twee van haar dochterondernemingen &#8211; <span style=\"font-weight: bold;\">Sotraplant en Eurogreen<\/span> &#8211; te vestigen in het <a href=\"https:\/\/www.idelux.be\/fr\/libramont-recogne.html?IDC=2509&amp;IDD=1624\" target=\"_blank\" rel=\"noopener\"><span style=\"font-weight: bold;\">bedrijvenpark Recogne (Libramont)<\/span><\/a> is het bedrijf van plan nog 10 extra mensen aan te werven, voor een <span style=\"font-weight: bold;\">geraamde investeringskost van 800.000 euro<\/span>. Geweldig nieuws in deze tijden!<\/p>\n<h2><span style=\"font-weight: bold;\">2020, een uitzonderlijk jaar<\/span><\/h2>\n<p style=\"text-align: justify;\"><span style=\"font-weight: normal;\">Sinds de aankondiging van de eerste lockdown zijn <span style=\"font-weight: bold;\">onze teams in overdrive gegaan om bedrijven en zelfstandigen te ondersteunen zodat ze het hoofd konden bieden aan de epidemie<\/span>. Samen met de provincie Luxemburg en in overleg met de Kamer van Koophandel, het UCM, de Horecafederatie en de vakbonden, hebben ze afgelopen mei <a style=\"font-weight: bold;\" href=\"https:\/\/www.investinluxembourg.be\/wp-content\/uploads\/2023\/07\/Plan-de-relance-de-leconomie-provinciale-elabore-par-IDELUX-en-partenariat-avec-la-Province-de-Luxembourg.pdf\" target=\"_blank\" rel=\"noopener\">14 concrete acties<\/a> opgezet.<\/span><\/p>\n<p style=\"text-align: justify;\"><span style=\"font-weight: normal;\"><span style=\"font-weight: bold;\">Deze maatregelen werden bij de 2de lockdown opnieuw geactiveerd en sinds maart 2021 zijn ze uitgebreid naar de vzw\u2019s van de provincie Luxemburg die moeilijkheden ondervinden<\/span>. IDELUX heeft namelijk financieringsmechanismen in het leven geroepen om <span style=\"font-weight: bold;\">de cashflow<\/span> van zeer kleine ondernemingen en zelfstandigen te <span style=\"font-weight: bold;\">versterken<\/span> door <span style=\"font-weight: bold;\">kredieten<\/span> te verlenen <span style=\"font-weight: bold;\">tegen een voorkeurstarief<\/span> en met een eenvoudige toegang, waarvan tientallen ondernemingen, met name in de horecasector, maar ook andere zelfstandigen, gebruik hebben gemaakt.<\/span><\/p>\n<p style=\"text-align: justify;\"><span style=\"font-weight: normal;\">Aangezien de Covid-19-crisis blijft aanhouden en zijn gevolgen op de economie nog steeds voelbaar zijn, besloot de Groep IDELUX <span style=\"font-weight: bold;\">haar steunmaatregelen ten behoeve van in moeilijkheden verkerende zeer kleine ondernemingen, zelfstandigen en vzw&#8217;s te verlengen tot 31 mei 2021. Hieronder leest u hoe u toegang krijgt tot deze premies!<\/span><\/span><span style=\"font-weight: bold;\"><strong><br \/>\n<\/strong><\/span><\/p>\n<p><img decoding=\"async\" style=\"width: 801px;\" src=\"https:\/\/investinluxembourg.be\/wp-content\/uploads\/2023\/07\/CTA-Aides.jpg\" alt=\"CTA-Aides\" width=\"801\" \/><\/p>\n<h2><span style=\"font-weight: bold;\">Achter de schermen&#8230; <\/span><\/h2>\n<p style=\"text-align: justify;\"><span style=\"font-weight: normal;\"><a style=\"font-weight: bold;\" href=\"https:\/\/www.investinluxembourg.be\/nl\/\" target=\"_blank\" rel=\"noopener\">IDELUX D\u00e9veloppement<\/a> heeft veel werk verzet om te <span style=\"font-weight: bold;\">luisteren naar de behoeften van de economische actoren, te anticiperen op hun verzoeken en ruimtes in te richten<\/span> die op de juiste plaats zijn gelegen om te werken en handel te drijven. Dit betekent dat er jaren van tevoren voldoende middelen moeten worden vrijgemaakt. Dat is de belangrijkste voorwaarde opdat onze regio aantrekkelijk blijft voor nieuwe economische initiatieven. <span style=\"font-weight: bold;\">In de hele provincie Luxemburg is momenteel een totale oppervlakte van 377 hectare beschikbaar voor bedrijven<\/span>.<\/span><\/p>\n<p style=\"text-align: justify;\"><span style=\"font-weight: normal;\">Naast de werken voor de uitrusting, staat het team van <a style=\"font-weight: bold;\" href=\"https:\/\/www.idelux.be\/xml\/page.html?IDC=2506&amp;IDD=23825&amp;LANG=fr\" target=\"_blank\" rel=\"noopener\">bedrijfsadviseurs<\/a> elke dag in nauw contact met de bedrijven. In werkelijkheid begint hun taak al bij het eerste contact en het eerste teken van belangstelling. Dit advies gaat verder tijdens de vestigingsfase en ook daarna, want u kan steeds rekenen op <span style=\"font-weight: bold;\">een <a href=\"https:\/\/www.investinluxembourg.be\/nl\/onze-diensten\/\" target=\"_blank\" rel=\"noopener\">uitgebreid gamma waardevolle diensten<\/a> op (bijna) elk bevoegdheidsdomein dat een bedrijf nodig kan hebben. <\/span><\/span><span style=\"font-weight: bold;\"><br \/>\n<\/span><\/p>\n<p style=\"text-align: justify;\"><a href=\"https:\/\/www.investinluxembourg.be\/nl\/onze-diensten\/\" target=\"_blank\" rel=\"noopener\"><img decoding=\"async\" style=\"width: 1048px;\" src=\"https:\/\/investinluxembourg.be\/wp-content\/uploads\/2023\/07\/Capture-NL-Roue.jpg\" alt=\"Capture-NL-Roue\" width=\"1048\" \/><\/a><\/p>\n<p style=\"text-align: justify; font-weight: normal;\"><span style=\"font-weight: bold;\">Financiering? <a href=\"https:\/\/www.investinluxembourg.be\/nl\/onze-diensten\/financier-u\/\" target=\"_blank\" rel=\"noopener\">IDELUX Finances<\/a> is al meer dan 20 jaar betrokken bij het verhuren van onroerend goed. <a href=\"https:\/\/www.luxembourg-developpement.be\/\" target=\"_blank\" rel=\"noopener\">Luxembourg D\u00e9veloppement<\/a>, dat door plaatselijke zakenlieden wordt geleid, ondersteunt investeringen van groeiende kmo\u2019s.<\/span><\/p>\n<p style=\"text-align: justify; font-weight: normal;\">De <a href=\"https:\/\/www.investinluxembourg.be\/nl\/onze-diensten\/adviseer-u\/\" target=\"_blank\" rel=\"noopener\"><span style=\"font-weight: bold;\">Juridische Afdeling van IDELUX D\u00e9veloppement<\/span><\/a> is bevoegd voor de gevoelige milieukwestie. Deze afdeling beschikt over een buitengewone effici\u00ebntie: in een soms onzekere juridische context kan het van onschatbare waarde zijn om <span style=\"font-weight: bold;\">steun te krijgen bij de aanvraag van vergunningen, toelatingen of bodemdecreten.<\/span><\/p>\n<p style=\"text-align: justify; font-weight: normal;\">Een project dat buiten de gebaande paden ligt? De <a style=\"font-weight: bold;\" href=\"https:\/\/www.investinluxembourg.be\/nl\/onze-diensten\/help-u-innoveren\/\" target=\"_blank\" rel=\"noopener\">Afdeling Innovatie<\/a> biedt u technieken voor <span style=\"font-weight: bold;\">creativiteit, ondersteuning bij het beschermen van een merk, de financiering van een onderzoek, het verkennen van het potentieel van de circulaire economie of e-commerce, het vinden van de juiste contactpersonen, enz.<br \/>\n<\/span><\/p>\n<p>Bent u overtuigd? Neem contact op met <a href=\"https:\/\/www.investinluxembourg.be\/nl\/contact\/\" target=\"_blank\" rel=\"noopener\">Jo\u00ebl MARINOZZI<\/a>![\/vc_column_text][\/vc_column][\/vc_row]<\/p>\n<\/div>","protected":false},"excerpt":{"rendered":"<p>In 2020 besloten 26 bedrijven om te investeren in \u00e9\u00e9n van de 51 bedrijvenparken van IDELUX D\u00e9veloppement verspreid over de provincie Luxemburg.<\/p>\n","protected":false},"author":17,"featured_media":5953,"comment_status":"closed","ping_status":"closed","sticky":false,"template":"","format":"standard","meta":{"footnotes":""},"categories":[1],"tags":[1909,1912,1915,1916,1918,1919,1927,1924],"class_list":["post-6642","post","type-post","status-publish","format-standard","has-post-thumbnail","hentry","category-blog-nl","tag-business-park-nl","tag-implantation-nl","tag-investir-nl","tag-luxembourg-belge-nl","tag-province-de-luxembourg-nl","tag-region-wallonne-nl","tag-se-faire-conseiller-nl","tag-wallonie-nl","category-1","description-off"],"yoast_head":"<!-- This site is optimized with the Yoast SEO plugin v27.5 - https:\/\/yoast.com\/product\/yoast-seo-wordpress\/ -->\n<title>In 2020 vestigden 26 bedrijven zich in Belgisch Luxemburg - Idelux<\/title>\n<meta name=\"robots\" content=\"index, follow, max-snippet:-1, max-image-preview:large, max-video-preview:-1\" \/>\n<link rel=\"canonical\" href=\"https:\/\/www.investinluxembourg.be\/nl\/in-2020-vestigden-26-bedrijven-zich-in-belgisch-luxemburg\/\" \/>\n<meta property=\"og:locale\" content=\"nl_NL\" \/>\n<meta property=\"og:type\" content=\"article\" \/>\n<meta property=\"og:title\" content=\"In 2020 vestigden 26 bedrijven zich in Belgisch Luxemburg - Idelux\" \/>\n<meta property=\"og:description\" content=\"In 2020 besloten 26 bedrijven om te investeren in \u00e9\u00e9n van de 51 bedrijvenparken van IDELUX D\u00e9veloppement verspreid over de provincie Luxemburg.\" \/>\n<meta property=\"og:url\" content=\"https:\/\/www.investinluxembourg.be\/nl\/in-2020-vestigden-26-bedrijven-zich-in-belgisch-luxemburg\/\" \/>\n<meta property=\"og:site_name\" content=\"Idelux\" \/>\n<meta property=\"article:published_time\" content=\"2021-05-21T13:47:03+00:00\" \/>\n<meta property=\"article:modified_time\" content=\"2024-01-03T07:44:01+00:00\" \/>\n<meta property=\"og:image\" content=\"https:\/\/www.investinluxembourg.be\/wp-content\/uploads\/2023\/07\/DSC09216-1024x683.jpg\" \/>\n\t<meta property=\"og:image:width\" content=\"1024\" \/>\n\t<meta property=\"og:image:height\" content=\"683\" \/>\n\t<meta property=\"og:image:type\" content=\"image\/jpeg\" \/>\n<meta name=\"author\" content=\"dns\" \/>\n<meta name=\"twitter:card\" content=\"summary_large_image\" \/>\n<meta name=\"twitter:label1\" content=\"Geschreven door\" \/>\n\t<meta name=\"twitter:data1\" content=\"dns\" \/>\n\t<meta name=\"twitter:label2\" content=\"Geschatte leestijd\" \/>\n\t<meta name=\"twitter:data2\" content=\"6 minuten\" \/>\n<script type=\"application\/ld+json\" class=\"yoast-schema-graph\">{\"@context\":\"https:\\\/\\\/schema.org\",\"@graph\":[{\"@type\":\"Article\",\"@id\":\"https:\\\/\\\/www.investinluxembourg.be\\\/nl\\\/in-2020-vestigden-26-bedrijven-zich-in-belgisch-luxemburg\\\/#article\",\"isPartOf\":{\"@id\":\"https:\\\/\\\/www.investinluxembourg.be\\\/nl\\\/in-2020-vestigden-26-bedrijven-zich-in-belgisch-luxemburg\\\/\"},\"author\":{\"name\":\"dns\",\"@id\":\"https:\\\/\\\/www.investinluxembourg.be\\\/#\\\/schema\\\/person\\\/08057f0257bc89f296a5f08c0ee1ace7\"},\"headline\":\"In 2020 vestigden 26 bedrijven zich in Belgisch Luxemburg\",\"datePublished\":\"2021-05-21T13:47:03+00:00\",\"dateModified\":\"2024-01-03T07:44:01+00:00\",\"mainEntityOfPage\":{\"@id\":\"https:\\\/\\\/www.investinluxembourg.be\\\/nl\\\/in-2020-vestigden-26-bedrijven-zich-in-belgisch-luxemburg\\\/\"},\"wordCount\":965,\"image\":{\"@id\":\"https:\\\/\\\/www.investinluxembourg.be\\\/nl\\\/in-2020-vestigden-26-bedrijven-zich-in-belgisch-luxemburg\\\/#primaryimage\"},\"thumbnailUrl\":\"https:\\\/\\\/www.investinluxembourg.be\\\/wp-content\\\/uploads\\\/2023\\\/07\\\/DSC09216.jpg\",\"keywords\":[\"Business Park\",\"Implantation\",\"Investir\",\"Luxembourg belge\",\"Province de Luxembourg\",\"R\u00e9gion wallonne\",\"Se Faire Conseiller\",\"Wallonie\"],\"articleSection\":[\"Blog\"],\"inLanguage\":\"nl-NL\"},{\"@type\":\"WebPage\",\"@id\":\"https:\\\/\\\/www.investinluxembourg.be\\\/nl\\\/in-2020-vestigden-26-bedrijven-zich-in-belgisch-luxemburg\\\/\",\"url\":\"https:\\\/\\\/www.investinluxembourg.be\\\/nl\\\/in-2020-vestigden-26-bedrijven-zich-in-belgisch-luxemburg\\\/\",\"name\":\"In 2020 vestigden 26 bedrijven zich in Belgisch Luxemburg - Idelux\",\"isPartOf\":{\"@id\":\"https:\\\/\\\/www.investinluxembourg.be\\\/#website\"},\"primaryImageOfPage\":{\"@id\":\"https:\\\/\\\/www.investinluxembourg.be\\\/nl\\\/in-2020-vestigden-26-bedrijven-zich-in-belgisch-luxemburg\\\/#primaryimage\"},\"image\":{\"@id\":\"https:\\\/\\\/www.investinluxembourg.be\\\/nl\\\/in-2020-vestigden-26-bedrijven-zich-in-belgisch-luxemburg\\\/#primaryimage\"},\"thumbnailUrl\":\"https:\\\/\\\/www.investinluxembourg.be\\\/wp-content\\\/uploads\\\/2023\\\/07\\\/DSC09216.jpg\",\"datePublished\":\"2021-05-21T13:47:03+00:00\",\"dateModified\":\"2024-01-03T07:44:01+00:00\",\"author\":{\"@id\":\"https:\\\/\\\/www.investinluxembourg.be\\\/#\\\/schema\\\/person\\\/08057f0257bc89f296a5f08c0ee1ace7\"},\"breadcrumb\":{\"@id\":\"https:\\\/\\\/www.investinluxembourg.be\\\/nl\\\/in-2020-vestigden-26-bedrijven-zich-in-belgisch-luxemburg\\\/#breadcrumb\"},\"inLanguage\":\"nl-NL\",\"potentialAction\":[{\"@type\":\"ReadAction\",\"target\":[\"https:\\\/\\\/www.investinluxembourg.be\\\/nl\\\/in-2020-vestigden-26-bedrijven-zich-in-belgisch-luxemburg\\\/\"]}]},{\"@type\":\"ImageObject\",\"inLanguage\":\"nl-NL\",\"@id\":\"https:\\\/\\\/www.investinluxembourg.be\\\/nl\\\/in-2020-vestigden-26-bedrijven-zich-in-belgisch-luxemburg\\\/#primaryimage\",\"url\":\"https:\\\/\\\/www.investinluxembourg.be\\\/wp-content\\\/uploads\\\/2023\\\/07\\\/DSC09216.jpg\",\"contentUrl\":\"https:\\\/\\\/www.investinluxembourg.be\\\/wp-content\\\/uploads\\\/2023\\\/07\\\/DSC09216.jpg\",\"width\":1920,\"height\":1281},{\"@type\":\"BreadcrumbList\",\"@id\":\"https:\\\/\\\/www.investinluxembourg.be\\\/nl\\\/in-2020-vestigden-26-bedrijven-zich-in-belgisch-luxemburg\\\/#breadcrumb\",\"itemListElement\":[{\"@type\":\"ListItem\",\"position\":1,\"name\":\"Accueil\",\"item\":\"https:\\\/\\\/www.investinluxembourg.be\\\/nl\\\/\"},{\"@type\":\"ListItem\",\"position\":2,\"name\":\"In 2020 vestigden 26 bedrijven zich in Belgisch Luxemburg\"}]},{\"@type\":\"WebSite\",\"@id\":\"https:\\\/\\\/www.investinluxembourg.be\\\/#website\",\"url\":\"https:\\\/\\\/www.investinluxembourg.be\\\/\",\"name\":\"Idelux\",\"description\":\"\",\"potentialAction\":[{\"@type\":\"SearchAction\",\"target\":{\"@type\":\"EntryPoint\",\"urlTemplate\":\"https:\\\/\\\/www.investinluxembourg.be\\\/?s={search_term_string}\"},\"query-input\":{\"@type\":\"PropertyValueSpecification\",\"valueRequired\":true,\"valueName\":\"search_term_string\"}}],\"inLanguage\":\"nl-NL\"},{\"@type\":\"Person\",\"@id\":\"https:\\\/\\\/www.investinluxembourg.be\\\/#\\\/schema\\\/person\\\/08057f0257bc89f296a5f08c0ee1ace7\",\"name\":\"dns\"}]}<\/script>\n<!-- \/ Yoast SEO plugin. -->","yoast_head_json":{"title":"In 2020 vestigden 26 bedrijven zich in Belgisch Luxemburg - Idelux","robots":{"index":"index","follow":"follow","max-snippet":"max-snippet:-1","max-image-preview":"max-image-preview:large","max-video-preview":"max-video-preview:-1"},"canonical":"https:\/\/www.investinluxembourg.be\/nl\/in-2020-vestigden-26-bedrijven-zich-in-belgisch-luxemburg\/","og_locale":"nl_NL","og_type":"article","og_title":"In 2020 vestigden 26 bedrijven zich in Belgisch Luxemburg - Idelux","og_description":"In 2020 besloten 26 bedrijven om te investeren in \u00e9\u00e9n van de 51 bedrijvenparken van IDELUX D\u00e9veloppement verspreid over de provincie Luxemburg.","og_url":"https:\/\/www.investinluxembourg.be\/nl\/in-2020-vestigden-26-bedrijven-zich-in-belgisch-luxemburg\/","og_site_name":"Idelux","article_published_time":"2021-05-21T13:47:03+00:00","article_modified_time":"2024-01-03T07:44:01+00:00","og_image":[{"width":1024,"height":683,"url":"https:\/\/www.investinluxembourg.be\/wp-content\/uploads\/2023\/07\/DSC09216-1024x683.jpg","type":"image\/jpeg"}],"author":"dns","twitter_card":"summary_large_image","twitter_misc":{"Geschreven door":"dns","Geschatte leestijd":"6 minuten"},"schema":{"@context":"https:\/\/schema.org","@graph":[{"@type":"Article","@id":"https:\/\/www.investinluxembourg.be\/nl\/in-2020-vestigden-26-bedrijven-zich-in-belgisch-luxemburg\/#article","isPartOf":{"@id":"https:\/\/www.investinluxembourg.be\/nl\/in-2020-vestigden-26-bedrijven-zich-in-belgisch-luxemburg\/"},"author":{"name":"dns","@id":"https:\/\/www.investinluxembourg.be\/#\/schema\/person\/08057f0257bc89f296a5f08c0ee1ace7"},"headline":"In 2020 vestigden 26 bedrijven zich in Belgisch Luxemburg","datePublished":"2021-05-21T13:47:03+00:00","dateModified":"2024-01-03T07:44:01+00:00","mainEntityOfPage":{"@id":"https:\/\/www.investinluxembourg.be\/nl\/in-2020-vestigden-26-bedrijven-zich-in-belgisch-luxemburg\/"},"wordCount":965,"image":{"@id":"https:\/\/www.investinluxembourg.be\/nl\/in-2020-vestigden-26-bedrijven-zich-in-belgisch-luxemburg\/#primaryimage"},"thumbnailUrl":"https:\/\/www.investinluxembourg.be\/wp-content\/uploads\/2023\/07\/DSC09216.jpg","keywords":["Business Park","Implantation","Investir","Luxembourg belge","Province de Luxembourg","R\u00e9gion wallonne","Se Faire Conseiller","Wallonie"],"articleSection":["Blog"],"inLanguage":"nl-NL"},{"@type":"WebPage","@id":"https:\/\/www.investinluxembourg.be\/nl\/in-2020-vestigden-26-bedrijven-zich-in-belgisch-luxemburg\/","url":"https:\/\/www.investinluxembourg.be\/nl\/in-2020-vestigden-26-bedrijven-zich-in-belgisch-luxemburg\/","name":"In 2020 vestigden 26 bedrijven zich in Belgisch Luxemburg - Idelux","isPartOf":{"@id":"https:\/\/www.investinluxembourg.be\/#website"},"primaryImageOfPage":{"@id":"https:\/\/www.investinluxembourg.be\/nl\/in-2020-vestigden-26-bedrijven-zich-in-belgisch-luxemburg\/#primaryimage"},"image":{"@id":"https:\/\/www.investinluxembourg.be\/nl\/in-2020-vestigden-26-bedrijven-zich-in-belgisch-luxemburg\/#primaryimage"},"thumbnailUrl":"https:\/\/www.investinluxembourg.be\/wp-content\/uploads\/2023\/07\/DSC09216.jpg","datePublished":"2021-05-21T13:47:03+00:00","dateModified":"2024-01-03T07:44:01+00:00","author":{"@id":"https:\/\/www.investinluxembourg.be\/#\/schema\/person\/08057f0257bc89f296a5f08c0ee1ace7"},"breadcrumb":{"@id":"https:\/\/www.investinluxembourg.be\/nl\/in-2020-vestigden-26-bedrijven-zich-in-belgisch-luxemburg\/#breadcrumb"},"inLanguage":"nl-NL","potentialAction":[{"@type":"ReadAction","target":["https:\/\/www.investinluxembourg.be\/nl\/in-2020-vestigden-26-bedrijven-zich-in-belgisch-luxemburg\/"]}]},{"@type":"ImageObject","inLanguage":"nl-NL","@id":"https:\/\/www.investinluxembourg.be\/nl\/in-2020-vestigden-26-bedrijven-zich-in-belgisch-luxemburg\/#primaryimage","url":"https:\/\/www.investinluxembourg.be\/wp-content\/uploads\/2023\/07\/DSC09216.jpg","contentUrl":"https:\/\/www.investinluxembourg.be\/wp-content\/uploads\/2023\/07\/DSC09216.jpg","width":1920,"height":1281},{"@type":"BreadcrumbList","@id":"https:\/\/www.investinluxembourg.be\/nl\/in-2020-vestigden-26-bedrijven-zich-in-belgisch-luxemburg\/#breadcrumb","itemListElement":[{"@type":"ListItem","position":1,"name":"Accueil","item":"https:\/\/www.investinluxembourg.be\/nl\/"},{"@type":"ListItem","position":2,"name":"In 2020 vestigden 26 bedrijven zich in Belgisch Luxemburg"}]},{"@type":"WebSite","@id":"https:\/\/www.investinluxembourg.be\/#website","url":"https:\/\/www.investinluxembourg.be\/","name":"Idelux","description":"","potentialAction":[{"@type":"SearchAction","target":{"@type":"EntryPoint","urlTemplate":"https:\/\/www.investinluxembourg.be\/?s={search_term_string}"},"query-input":{"@type":"PropertyValueSpecification","valueRequired":true,"valueName":"search_term_string"}}],"inLanguage":"nl-NL"},{"@type":"Person","@id":"https:\/\/www.investinluxembourg.be\/#\/schema\/person\/08057f0257bc89f296a5f08c0ee1ace7","name":"dns"}]}},"_links":{"self":[{"href":"https:\/\/www.investinluxembourg.be\/nl\/wp-json\/wp\/v2\/posts\/6642","targetHints":{"allow":["GET"]}}],"collection":[{"href":"https:\/\/www.investinluxembourg.be\/nl\/wp-json\/wp\/v2\/posts"}],"about":[{"href":"https:\/\/www.investinluxembourg.be\/nl\/wp-json\/wp\/v2\/types\/post"}],"author":[{"embeddable":true,"href":"https:\/\/www.investinluxembourg.be\/nl\/wp-json\/wp\/v2\/users\/17"}],"replies":[{"embeddable":true,"href":"https:\/\/www.investinluxembourg.be\/nl\/wp-json\/wp\/v2\/comments?post=6642"}],"version-history":[{"count":5,"href":"https:\/\/www.investinluxembourg.be\/nl\/wp-json\/wp\/v2\/posts\/6642\/revisions"}],"predecessor-version":[{"id":8749,"href":"https:\/\/www.investinluxembourg.be\/nl\/wp-json\/wp\/v2\/posts\/6642\/revisions\/8749"}],"wp:featuredmedia":[{"embeddable":true,"href":"https:\/\/www.investinluxembourg.be\/nl\/wp-json\/wp\/v2\/media\/5953"}],"wp:attachment":[{"href":"https:\/\/www.investinluxembourg.be\/nl\/wp-json\/wp\/v2\/media?parent=6642"}],"wp:term":[{"taxonomy":"category","embeddable":true,"href":"https:\/\/www.investinluxembourg.be\/nl\/wp-json\/wp\/v2\/categories?post=6642"},{"taxonomy":"post_tag","embeddable":true,"href":"https:\/\/www.investinluxembourg.be\/nl\/wp-json\/wp\/v2\/tags?post=6642"}],"curies":[{"name":"wp","href":"https:\/\/api.w.org\/{rel}","templated":true}]}}