{"id":6614,"date":"2022-11-17T15:52:17","date_gmt":"2022-11-17T14:52:17","guid":{"rendered":"https:\/\/staging.investinluxembourg.be\/succes-boeken-in-belgisch-luxemburg-met-idelux\/"},"modified":"2024-01-03T10:01:18","modified_gmt":"2024-01-03T09:01:18","slug":"succes-boeken-in-belgisch-luxemburg-met-idelux","status":"publish","type":"post","link":"https:\/\/www.investinluxembourg.be\/nl\/succes-boeken-in-belgisch-luxemburg-met-idelux\/","title":{"rendered":"Succes boeken in Belgisch Luxemburg met IDELUX!"},"content":{"rendered":"<p style=\"text-align: justify; font-size: 16px;\"><strong>Welkom in de provincie Luxemburg! Belgisch Luxemburg is zeer begeerd bij de grootste bedrijven. De provincie is in volle groei en beschikt over talrijke troeven voor iedere investeerder die wil ondernemen. Wilt u hier meer over weten? Volg de gids\u2026<\/strong><\/p>\n<p><!--more--><\/p>\n<p>&nbsp;<\/p>\n<h2>BELGISCH LUXEMBURG, WAAROM ZOU U HIER INVESTEREN?<\/h2>\n<p style=\"text-align: justify;\"><span style=\"font-size: 16px;\">Omdat deze regio <a href=\"https:\/\/www.investinluxembourg.be\/nl\/provincie-luxemburg\/\" target=\"_blank\" rel=\"noopener\"><span style=\"font-weight: bold;\">het ideale investeringsgebied<\/span><\/a> is voor u als u wilt <span style=\"font-weight: bold;\">investeren<\/span>. Zijn troeven? De provincie grenst aan Frankrijk, Duitsland en het Groothertogdom Luxemburg en biedt u talrijke investeringsmogelijkheden op een centrale ligging tussen de grootste Europese bedrijfsassen.<\/span><\/p>\n<p style=\"text-align: justify;\"><span style=\"font-size: 16px;\">Bovendien bevindt de provincie zich <span style=\"font-weight: bold;\">in het hartje van een dicht netwerk<\/span> van verbindingen via autosnelwegen, spoorwegen, maar ook telecom- en luchtvaartverbindingen. Er is heel wat personeel beschikbaar en de lokale consumenten hebben een <span style=\"font-weight: bold;\">grote koopkracht<\/span>.<br \/>\n<\/span><\/p>\n<p style=\"text-align: justify;\"><a href=\"https:\/\/www.investinluxembourg.be\/le-luxembourg-belge\/\" rel=\"noopener\"><img decoding=\"async\" style=\"width: 500px; margin-left: auto; margin-right: auto; display: block;\" src=\"https:\/\/investinluxembourg.be\/wp-content\/uploads\/2023\/07\/CarteGlobaleVers2021.jpg\" alt=\"Investir en province de Luxembourg, terre d'opportunit\u00e9s\" width=\"500\" \/><\/a><\/p>\n<h2>IDELUX, DE GIDS VOOR BEDRIJVEN<\/h2>\n<p style=\"text-align: justify;\"><span style=\"font-size: 16px;\">IDELUX is de <a href=\"https:\/\/www.investinluxembourg.be\/nl\/onze-diensten\/\" target=\"_blank\" rel=\"noopener\"><span style=\"font-weight: bold;\">one-stop-shop voor iedere ondernemer<\/span><\/a>. Daarom begeleiden wij <span style=\"font-weight: bold;\">bedrijven en projectdragers<\/span> die zich willen vestigen in Belgisch Luxemburg.<\/span><\/p>\n<p style=\"text-align: justify;\"><span style=\"font-size: 16px;\"><span style=\"font-weight: bold;\">Effici\u00ebntie, nauwgezetheid en een pragmatische<\/span> aanpak zijn de sleutelwoorden van onze beleidsstrategie. <span style=\"font-weight: bold;\">Onze teams staan voor u klaar om te luisteren naar al uw wensen en u te volgen in iedere stap die u moet nemen dankzij onze diverse diensten:<\/span> accommodatie voor uw activiteiten en ondersteuning tijdens de aankoopprocedure, bijstand op lokale, regionale en Europese schaal en ondersteuning voor alle administratieve stappen, zoals de aanvragen van de stedenbouwkundige vergunning en milieuvergunning, juridische bijstand, advies op het vlak van innovatie, financiering, <a href=\"https:\/\/www.idelux.be\/xml\/page.html?IDC=2506&amp;IDD=23828&amp;NUM=\" target=\"_blank\" rel=\"noopener\"><span style=\"font-weight: bold;\">formules voor onroerende leasing<\/span><\/a> (gebouwen en bedrijfsterreinen) en kapitaalverhoging van de bedrijven dankzij <a href=\"https:\/\/www.luxembourg-developpement.be\/\" target=\"_blank\" rel=\"noopener\"><span style=\"font-weight: bold;\">Luxembourg D\u00e9veloppement.<\/span><\/a><br \/>\n<\/span><\/p>\n<p style=\"text-align: justify;\"><span style=\"font-size: 16px;\">\u00a0<\/span><\/p>\n<div class=\"hs-embed-wrapper\" style=\"position: relative; overflow: hidden; width: 100%; height: auto; padding: 0px; max-width: 560px; min-width: 256px; display: block; margin: auto;\" data-service=\"youtube\" data-responsive=\"true\">\n<div class=\"hs-embed-content-wrapper\">\n<div style=\"position: relative; overflow: hidden; max-width: 100%; padding-bottom: 56.25%; margin: 0px;\"><iframe loading=\"lazy\" style=\"position: absolute; top: 0px; left: 0px; width: 100%; height: 100%; border: none;\" src=\"https:\/\/www.youtube.com\/embed\/mLD3a8XLF4U\" width=\"560\" height=\"315\" frameborder=\"0\" allowfullscreen=\"allowfullscreen\" data-mce-src=\"https:\/\/www.youtube.com\/embed\/mLD3a8XLF4U\" data-mce-style=\"position: absolute; top: 0px; left: 0px; width: 100%; height: 100%; border: none;\"><\/iframe><\/div>\n<\/div>\n<\/div>\n<p>&nbsp;<\/p>\n<h2>ONZE PRIORITAIRE SECTOREN<\/h2>\n<p style=\"text-align: justify;\"><span style=\"color: #6f8c91;\">Bogend op hun praktijkervaring,\u00a0<\/span><a href=\"https:\/\/www.investinluxembourg.be\/nl\/onze-sectoren\/\" target=\"_blank\" rel=\"noopener\"><strong><u><span style=\"color: #afcc40;\">adviseren onze experts alle sectoren<\/span><\/u><\/strong><\/a><span style=\"color: #6f8c91;\">, met een bijzondere focus op:<\/span><\/p>\n<ul>\n<li style=\"text-align: justify;\"><strong><span style=\"color: #afcc40;\"><a href=\"https:\/\/www.investinluxembourg.be\/nl\/onze-sectoren\/ruimtevaart\/\" target=\"_blank\" rel=\"noopener\">De ruimtevaartsector\u00a0<\/a><\/span><\/strong><span style=\"color: #6f8c91;\">die in Belgisch Luxemburg is gevestigd in het bedrijvenpark\u00a0<a href=\"https:\/\/www.investinluxembourg.be\/nl\/onze-sectoren\/ruimtevaart\/galaxia\/\" target=\"_blank\" rel=\"noopener\"><strong><span style=\"color: #afcc40;\">Galaxia<\/span><\/strong><\/a>, een uniek concept dat werd ontwikkeld door IDELUX D\u00e9veloppement en is bestemd voor start-ups en gevestigde waarden in de sector.\u00a0<strong>De Europese Ruimtevaartorganisatie (ESA),<\/strong>waarvan\u00a0<\/span><a href=\"https:\/\/www.investinluxembourg.be\/nl\/de-pool-redu-transinne\/\" target=\"_blank\" rel=\"noopener\"><strong><span style=\"color: #afcc40;\">de Ruimtepool Redu-Transinne<\/span><\/strong><\/a><span style=\"color: #6f8c91;\">\u00a0is gevestigd op slechts enkele kilometers van het bedrijvenpark Galaxia, en het steunpunt voor <strong>technologische ondernemers<\/strong>\u00a0in Walloni\u00eb-Brussel (WSL) zijn de belangrijkste partners van deze sector in onze regio.<\/span><\/li>\n<li style=\"text-align: justify;\"><strong><span style=\"color: #afcc40;\"><a href=\"https:\/\/www.investinluxembourg.be\/nl\/onze-sectoren\/biowetenschappen\/\" target=\"_blank\" rel=\"noopener\">De biowetenschappen\u00a0<\/a><\/span><\/strong><span style=\"color: #6f8c91;\">worden ondergebracht in het\u00a0<\/span><strong><u><span style=\"color: #afcc40;\"><a href=\"https:\/\/www.investinluxembourg.be\/nl\/voordeel\/novalis-science-park\/\" target=\"_blank\" rel=\"noopener\">Novalis Science Park<\/a><\/span><\/u><\/strong><span style=\"color: #6f8c91;\">, naast de activiteiten die verband houden met biotechnologie\u00ebn, van informatie- en communicatietechnologie\u00ebn tot energie- en milieutechnieken.<\/span><img decoding=\"async\" style=\"width: 350px; margin-left: auto; margin-right: auto; display: block;\" src=\"https:\/\/investinluxembourg.be\/wp-content\/uploads\/2023\/07\/15_KM_Aye_Novalis-4-scaled.jpg\" alt=\"15_KM_Aye_Novalis-4\" width=\"350\" \/><\/li>\n<li style=\"text-align: justify;\"><span style=\"font-size: 16px;\"><a href=\"https:\/\/www.investinluxembourg.be\/nl\/onze-sectoren\/agrovoeding\/\" target=\"_blank\" rel=\"noopener\"><strong>De levensmiddelenindustrie<\/strong><\/a> is een historische inzet voor Belgisch Luxemburg omwille van het grote aantal voedselverwerkende bedrijven in de regio en de <span style=\"font-weight: bold;\">diversiteit van de voorgestelde producten.<\/span><\/span><\/li>\n<li style=\"text-align: justify;\"><span style=\"font-size: 16px;\"><a href=\"https:\/\/www.investinluxembourg.be\/nl\/onze-sectoren\/toerisme\/\" target=\"_blank\" rel=\"noopener\"><strong>De toeristische sector<\/strong><\/a> is een andere drijvende kracht achter de ontwikkeling van onze regio. Bij IDELUX willen we <span style=\"font-weight: bold;\">nieuwe aantrekkelijke zones<\/span> ontwikkelen, de bestaande producten dynamiseren (<a href=\"https:\/\/www.eurospacecenter.be\/nl\/\" target=\"_blank\" rel=\"noopener\"><span style=\"font-weight: bold;\">ESC<\/span><\/a>, <a href=\"http:\/\/www.parcchlorophylle.com\/nl\/projet_nl.php\" target=\"_blank\" rel=\"noopener\"><span style=\"font-weight: bold;\">Parc Chlorophylle,<\/span><\/a> enz.) en de kwaliteit van de toeristische zones in de stadscentra verstevigen.<\/span><\/li>\n<li style=\"text-align: justify;\"><span style=\"font-size: 16px;\"><a href=\"https:\/\/www.investinluxembourg.be\/nl\/onze-sectoren\/hout\/\" target=\"_blank\" rel=\"noopener\"><strong>De houtsector<\/strong><\/a>, 42 % van de Waalse bossen bevindt zich in de provincie Luxemburg. De primaire houtverwerkingssector is het verst ontwikkeld en wordt vertegenwoordigd door de drie grootste zagerijen van Belgi\u00eb. De <a href=\"https:\/\/www.investinluxembourg.be\/nl\/voordeel\/pole-ardenne-bois\/\" target=\"_blank\" rel=\"noopener\"><span style=\"font-weight: bold;\">P\u00f4le Ardenne Bois<\/span><\/a> is het belangrijkste bedrijvenpark voor de activiteiten van deze sector. Het is op deze plek dat de vennootschap <a href=\"http:\/\/www.pauls.be\/new\/index.php?article_id=1&amp;clang=2\" target=\"_blank\" rel=\"noopener\"><span style=\"font-weight: bold;\">Holzindustrie Pauls AG<\/span><\/a> zich als eerste vestigde.<\/span><\/li>\n<\/ul>\n<p><span style=\"font-size: 16px;\"><span style=\"color: #cfe2f3;\"><span style=\"color: #6f8c91;\"><img decoding=\"async\" style=\"width: 350px; margin-left: auto; margin-right: auto; display: block;\" src=\"https:\/\/investinluxembourg.be\/wp-content\/uploads\/2023\/07\/Pole-Ardenne-Bois-1-scaled.jpg\" alt=\"P\u00f4le Ardenne Bois-1\" width=\"350\" \/><\/span><\/span><\/span><\/p>\n<ul>\n<li style=\"text-align: justify;\"><span style=\"font-size: 16px; color: #6f8c91; font-weight: normal;\"><a href=\"https:\/\/www.investinluxembourg.be\/nl\/onze-sectoren\/logistiek\/\" target=\"_blank\" rel=\"noopener\"><strong>De logistieke sector<\/strong><\/a> aangezien Belgisch Luxemburg een strategische ligging heeft om toegang te krijgen tot de belangrijkste West-Europese markten. IDELUX zorgde voor de volledige uitrusting van het grondgebied met gespecialiseerde infrastructuren, zoals het <a href=\"https:\/\/www.investinluxembourg.be\/nl\/onze-sectoren\/logistiek\/\" target=\"_blank\" rel=\"noopener\"><span style=\"font-weight: bold;\">Bedrijvenpark Ardenne Logistics<\/span><\/a>, een bedrijvenpark in het zuiden van Belgi\u00eb, in de onmiddellijke nabijheid van miljoenen consumenten en belangrijke verkeersassen (E25-E411), <span style=\"font-weight: bold;\">of het bedrijvenpark van de P\u00f4le Europ\u00e9en de D\u00e9veloppement (PED), in de buurt van de<a href=\"https:\/\/www.tca.be\/nl\" target=\"_blank\" rel=\"noopener\"> Terminal Container Athus<\/a>.<\/span><\/span><\/li>\n<\/ul>\n<p style=\"font-weight: normal;\"><span style=\"font-size: 16px; color: #6f8c91;\"><br \/>\nWij investeren in deze sectoren <span style=\"font-weight: bold;\">om nieuwe werkgelegenheid te cre\u00ebren.<\/span><br \/>\n<\/span><\/p>\n<p style=\"font-weight: normal;\"><span style=\"font-size: 16px; color: #6f8c91;\">Wij zorgen voor begeleiding om uw <span style=\"font-weight: bold;\">opportuniteiten<\/span> te transformeren tot echte <a href=\"https:\/\/www.investinluxembourg.be\/nl\/onze-ambassadeurs\/\" target=\"_blank\" rel=\"noopener\"><span style=\"font-weight: bold;\">\u201csuccess stories\u201d.<\/span><\/a><\/span><\/p>\n<p><span style=\"font-size: 16px; color: #6f8c91;\"><span style=\"font-weight: normal;\">Bij IDELUX willen we bouwen aan <span style=\"font-weight: bold;\">een<\/span> <span style=\"font-weight: bold;\">vertrouwensrelatie<\/span> met elk bedrijf voor een samenwerking op de lange termijn, de uitoefening van <span style=\"font-weight: bold;\">nieuwe activiteiten<\/span> en de concrete verwezenlijking van ieder project.<\/span><\/span><\/p>\n<div style=\"overflow-x: auto; max-width: 100%; width: 81%; margin-left: auto; margin-right: auto;\" data-hs-responsive-table=\"true\">\n<table style=\"border-collapse: collapse; width: 100%; border-width: 0px; border-style: solid; height: 589px;\">\n<tbody>\n<tr style=\"height: 289px;\">\n<td style=\"width: 34.1972%; background-color: #eeeeee; height: 289px;\"><img decoding=\"async\" style=\"width: 202px;\" src=\"https:\/\/investinluxembourg.be\/wp-content\/uploads\/2023\/07\/AAEAAQAAAAAAAAkGAAAAJDFjNDMzY2E0LTE0ZTUtNGUzZS04YWZkLTZhZmIxYTMwOTViOA.jpg\" sizes=\"(max-width: 124px) 100vw, 124px\" srcset=\"https:\/\/investinluxembourg.be\/wp-content\/uploads\/2023\/07\/AAEAAQAAAAAAAAkGAAAAJDFjNDMzY2E0LTE0ZTUtNGUzZS04YWZkLTZhZmIxYTMwOTViOA-1.jpg 62w, https:\/\/investinluxembourg.be\/wp-content\/uploads\/2023\/07\/AAEAAQAAAAAAAAkGAAAAJDFjNDMzY2E0LTE0ZTUtNGUzZS04YWZkLTZhZmIxYTMwOTViOA.jpg 124w, https:\/\/investinluxembourg.be\/wp-content\/uploads\/2023\/07\/AAEAAQAAAAAAAAkGAAAAJDFjNDMzY2E0LTE0ZTUtNGUzZS04YWZkLTZhZmIxYTMwOTViOA-2.jpg 186w, https:\/\/investinluxembourg.be\/wp-content\/uploads\/2023\/07\/AAEAAQAAAAAAAAkGAAAAJDFjNDMzY2E0LTE0ZTUtNGUzZS04YWZkLTZhZmIxYTMwOTViOA-3.jpg 248w, https:\/\/investinluxembourg.be\/wp-content\/uploads\/2023\/07\/AAEAAQAAAAAAAAkGAAAAJDFjNDMzY2E0LTE0ZTUtNGUzZS04YWZkLTZhZmIxYTMwOTViOA-4.jpg 310w, https:\/\/investinluxembourg.be\/wp-content\/uploads\/2023\/07\/AAEAAQAAAAAAAAkGAAAAJDFjNDMzY2E0LTE0ZTUtNGUzZS04YWZkLTZhZmIxYTMwOTViOA-5.jpg 372w\" alt=\"J. Marinozzi Business Development \" width=\"202\" \/><\/td>\n<td style=\"width: 33.3953%; background-color: #eeeeee; text-align: center; height: 289px;\">\n<p style=\"font-weight: normal;\"><span style=\"color: #000000;\">Zin om te investeren?<\/span><\/p>\n<p style=\"font-weight: normal;\"><span style=\"color: #000000;\">Neem contact op met onze Business Developer <\/span><\/p>\n<p style=\"font-weight: normal;\"><span style=\"color: #000000;\"><a style=\"color: #000000; font-weight: bold;\" href=\"https:\/\/www.linkedin.com\/in\/joel-marinozzi\/\" target=\"_blank\" rel=\"noopener\">Jo\u00ebl MARINOZZI<\/a> (FR, EN)<\/span><\/p>\n<p style=\"font-weight: normal;\"><span style=\"color: #000000;\"> : <span style=\"text-decoration: underline;\"><span style=\"color: #3574e3; text-decoration: underline;\">joel.marinozzi@idelux.be<\/span><\/span><\/span><\/p>\n<\/td>\n<\/tr>\n<tr style=\"height: 299px;\">\n<td style=\"width: 34.1972%; background-color: #eeeeee; height: 299px;\"><img decoding=\"async\" style=\"width: 200px; margin-top: 0px; margin-bottom: 0px;\" src=\"https:\/\/investinluxembourg.be\/wp-content\/uploads\/2023\/07\/Jean-Francois-HAINAUX-Business-Developer-scaled.jpg\" alt=\"Jean-Francois HAINAUX - Business Developer\" width=\"200\" \/><\/td>\n<td style=\"width: 33.3953%; background-color: #eeeeee; text-align: center; height: 299px;\">\n<p style=\"font-weight: normal;\"><span style=\"color: #000000;\">Zin om te investeren?<\/span><\/p>\n<p style=\"font-weight: normal;\"><span style=\"color: #000000;\">Neem contact op met onze Business Developer <\/span><\/p>\n<p style=\"font-weight: normal;\"><span style=\"color: #000000;\"><a style=\"color: #000000; font-weight: bold;\" href=\"https:\/\/www.linkedin.com\/in\/jean-francois-hainaux\/\" target=\"_blank\" rel=\"noopener\">Jean-Fran\u00e7ois HAINAUX<\/a> (FR, EN, NL, DE, IT)<\/span><\/p>\n<p style=\"font-weight: normal;\"><span style=\"color: #000000;\"> : <span style=\"color: #3574e3;\"><a style=\"color: #3574e3;\" href=\"mailto:jean-francois.hainaux@idelux.be\">jean-francois.hainaux@idelux.be<\/a><\/span><\/span><\/p>\n<\/td>\n<\/tr>\n<\/tbody>\n<\/table>\n<\/div>\n<p>&nbsp;<\/p>\n","protected":false},"excerpt":{"rendered":"<p>Welkom in de provincie Luxemburg! Belgisch Luxemburg is zeer begeerd bij de grootste bedrijven. De provincie is in volle groei en beschikt over talrijke troeven voor iedere investeerder die wil ondernemen. Wilt u hier meer over weten? Volg de gids\u2026<\/p>\n","protected":false},"author":17,"featured_media":5536,"comment_status":"closed","ping_status":"closed","sticky":false,"template":"","format":"standard","meta":{"footnotes":""},"categories":[1],"tags":[1921,1936,1923,1910,1912,1914,1915,1916,1925,1937,1918,1919,1933],"class_list":["post-6614","post","type-post","status-publish","format-standard","has-post-thumbnail","hentry","category-blog-nl","tag-agroalimentaire-nl","tag-ardennes-logistics-nl","tag-entreprises-nl","tag-galaxia-nl","tag-implantation-nl","tag-invest-nl","tag-investir-nl","tag-luxembourg-belge-nl","tag-novalis-science-park-nl","tag-pole-ardenne-bois-nl","tag-province-de-luxembourg-nl","tag-region-wallonne-nl","tag-secteurs-prioritaires-nl","category-1","description-off"],"yoast_head":"<!-- This site is optimized with the Yoast SEO plugin v27.5 - https:\/\/yoast.com\/product\/yoast-seo-wordpress\/ -->\n<title>Succes boeken in Belgisch Luxemburg met IDELUX! - Idelux<\/title>\n<meta name=\"robots\" content=\"index, follow, max-snippet:-1, max-image-preview:large, max-video-preview:-1\" \/>\n<link rel=\"canonical\" href=\"https:\/\/www.investinluxembourg.be\/nl\/succes-boeken-in-belgisch-luxemburg-met-idelux\/\" \/>\n<meta property=\"og:locale\" content=\"nl_NL\" \/>\n<meta property=\"og:type\" content=\"article\" \/>\n<meta property=\"og:title\" content=\"Succes boeken in Belgisch Luxemburg met IDELUX! - Idelux\" \/>\n<meta property=\"og:description\" content=\"Welkom in de provincie Luxemburg! Belgisch Luxemburg is zeer begeerd bij de grootste bedrijven. De provincie is in volle groei en beschikt over talrijke troeven voor iedere investeerder die wil ondernemen. Wilt u hier meer over weten? Volg de gids\u2026\" \/>\n<meta property=\"og:url\" content=\"https:\/\/www.investinluxembourg.be\/nl\/succes-boeken-in-belgisch-luxemburg-met-idelux\/\" \/>\n<meta property=\"og:site_name\" content=\"Idelux\" \/>\n<meta property=\"article:published_time\" content=\"2022-11-17T14:52:17+00:00\" \/>\n<meta property=\"article:modified_time\" content=\"2024-01-03T09:01:18+00:00\" \/>\n<meta property=\"og:image\" content=\"https:\/\/www.investinluxembourg.be\/wp-content\/uploads\/2023\/07\/Invest-in-Luxembourg-1.jpg\" \/>\n\t<meta property=\"og:image:width\" content=\"1791\" \/>\n\t<meta property=\"og:image:height\" content=\"831\" \/>\n\t<meta property=\"og:image:type\" content=\"image\/jpeg\" \/>\n<meta name=\"author\" content=\"dns\" \/>\n<meta name=\"twitter:card\" content=\"summary_large_image\" \/>\n<meta name=\"twitter:label1\" content=\"Geschreven door\" \/>\n\t<meta name=\"twitter:data1\" content=\"dns\" \/>\n\t<meta name=\"twitter:label2\" content=\"Geschatte leestijd\" \/>\n\t<meta name=\"twitter:data2\" content=\"5 minuten\" \/>\n<script type=\"application\/ld+json\" class=\"yoast-schema-graph\">{\"@context\":\"https:\\\/\\\/schema.org\",\"@graph\":[{\"@type\":\"Article\",\"@id\":\"https:\\\/\\\/www.investinluxembourg.be\\\/nl\\\/succes-boeken-in-belgisch-luxemburg-met-idelux\\\/#article\",\"isPartOf\":{\"@id\":\"https:\\\/\\\/www.investinluxembourg.be\\\/nl\\\/succes-boeken-in-belgisch-luxemburg-met-idelux\\\/\"},\"author\":{\"name\":\"dns\",\"@id\":\"https:\\\/\\\/www.investinluxembourg.be\\\/#\\\/schema\\\/person\\\/08057f0257bc89f296a5f08c0ee1ace7\"},\"headline\":\"Succes boeken in Belgisch Luxemburg met IDELUX!\",\"datePublished\":\"2022-11-17T14:52:17+00:00\",\"dateModified\":\"2024-01-03T09:01:18+00:00\",\"mainEntityOfPage\":{\"@id\":\"https:\\\/\\\/www.investinluxembourg.be\\\/nl\\\/succes-boeken-in-belgisch-luxemburg-met-idelux\\\/\"},\"wordCount\":668,\"image\":{\"@id\":\"https:\\\/\\\/www.investinluxembourg.be\\\/nl\\\/succes-boeken-in-belgisch-luxemburg-met-idelux\\\/#primaryimage\"},\"thumbnailUrl\":\"https:\\\/\\\/www.investinluxembourg.be\\\/wp-content\\\/uploads\\\/2023\\\/07\\\/Invest-in-Luxembourg-1.jpg\",\"keywords\":[\"Agroalimentaire\",\"Ardennes Logistics\",\"Entreprises\",\"Galaxia\",\"Implantation\",\"Invest\",\"Investir\",\"Luxembourg belge\",\"Novalis Science Park\",\"P\u00f4le Ardenne Bois\",\"Province de Luxembourg\",\"R\u00e9gion wallonne\",\"Secteurs Prioritaires\"],\"articleSection\":[\"Blog\"],\"inLanguage\":\"nl-NL\"},{\"@type\":\"WebPage\",\"@id\":\"https:\\\/\\\/www.investinluxembourg.be\\\/nl\\\/succes-boeken-in-belgisch-luxemburg-met-idelux\\\/\",\"url\":\"https:\\\/\\\/www.investinluxembourg.be\\\/nl\\\/succes-boeken-in-belgisch-luxemburg-met-idelux\\\/\",\"name\":\"Succes boeken in Belgisch Luxemburg met IDELUX! - Idelux\",\"isPartOf\":{\"@id\":\"https:\\\/\\\/www.investinluxembourg.be\\\/#website\"},\"primaryImageOfPage\":{\"@id\":\"https:\\\/\\\/www.investinluxembourg.be\\\/nl\\\/succes-boeken-in-belgisch-luxemburg-met-idelux\\\/#primaryimage\"},\"image\":{\"@id\":\"https:\\\/\\\/www.investinluxembourg.be\\\/nl\\\/succes-boeken-in-belgisch-luxemburg-met-idelux\\\/#primaryimage\"},\"thumbnailUrl\":\"https:\\\/\\\/www.investinluxembourg.be\\\/wp-content\\\/uploads\\\/2023\\\/07\\\/Invest-in-Luxembourg-1.jpg\",\"datePublished\":\"2022-11-17T14:52:17+00:00\",\"dateModified\":\"2024-01-03T09:01:18+00:00\",\"author\":{\"@id\":\"https:\\\/\\\/www.investinluxembourg.be\\\/#\\\/schema\\\/person\\\/08057f0257bc89f296a5f08c0ee1ace7\"},\"breadcrumb\":{\"@id\":\"https:\\\/\\\/www.investinluxembourg.be\\\/nl\\\/succes-boeken-in-belgisch-luxemburg-met-idelux\\\/#breadcrumb\"},\"inLanguage\":\"nl-NL\",\"potentialAction\":[{\"@type\":\"ReadAction\",\"target\":[\"https:\\\/\\\/www.investinluxembourg.be\\\/nl\\\/succes-boeken-in-belgisch-luxemburg-met-idelux\\\/\"]}]},{\"@type\":\"ImageObject\",\"inLanguage\":\"nl-NL\",\"@id\":\"https:\\\/\\\/www.investinluxembourg.be\\\/nl\\\/succes-boeken-in-belgisch-luxemburg-met-idelux\\\/#primaryimage\",\"url\":\"https:\\\/\\\/www.investinluxembourg.be\\\/wp-content\\\/uploads\\\/2023\\\/07\\\/Invest-in-Luxembourg-1.jpg\",\"contentUrl\":\"https:\\\/\\\/www.investinluxembourg.be\\\/wp-content\\\/uploads\\\/2023\\\/07\\\/Invest-in-Luxembourg-1.jpg\",\"width\":1791,\"height\":831},{\"@type\":\"BreadcrumbList\",\"@id\":\"https:\\\/\\\/www.investinluxembourg.be\\\/nl\\\/succes-boeken-in-belgisch-luxemburg-met-idelux\\\/#breadcrumb\",\"itemListElement\":[{\"@type\":\"ListItem\",\"position\":1,\"name\":\"Accueil\",\"item\":\"https:\\\/\\\/www.investinluxembourg.be\\\/nl\\\/\"},{\"@type\":\"ListItem\",\"position\":2,\"name\":\"Succes boeken in Belgisch Luxemburg met IDELUX!\"}]},{\"@type\":\"WebSite\",\"@id\":\"https:\\\/\\\/www.investinluxembourg.be\\\/#website\",\"url\":\"https:\\\/\\\/www.investinluxembourg.be\\\/\",\"name\":\"Idelux\",\"description\":\"\",\"potentialAction\":[{\"@type\":\"SearchAction\",\"target\":{\"@type\":\"EntryPoint\",\"urlTemplate\":\"https:\\\/\\\/www.investinluxembourg.be\\\/?s={search_term_string}\"},\"query-input\":{\"@type\":\"PropertyValueSpecification\",\"valueRequired\":true,\"valueName\":\"search_term_string\"}}],\"inLanguage\":\"nl-NL\"},{\"@type\":\"Person\",\"@id\":\"https:\\\/\\\/www.investinluxembourg.be\\\/#\\\/schema\\\/person\\\/08057f0257bc89f296a5f08c0ee1ace7\",\"name\":\"dns\"}]}<\/script>\n<!-- \/ Yoast SEO plugin. -->","yoast_head_json":{"title":"Succes boeken in Belgisch Luxemburg met IDELUX! - Idelux","robots":{"index":"index","follow":"follow","max-snippet":"max-snippet:-1","max-image-preview":"max-image-preview:large","max-video-preview":"max-video-preview:-1"},"canonical":"https:\/\/www.investinluxembourg.be\/nl\/succes-boeken-in-belgisch-luxemburg-met-idelux\/","og_locale":"nl_NL","og_type":"article","og_title":"Succes boeken in Belgisch Luxemburg met IDELUX! - Idelux","og_description":"Welkom in de provincie Luxemburg! Belgisch Luxemburg is zeer begeerd bij de grootste bedrijven. De provincie is in volle groei en beschikt over talrijke troeven voor iedere investeerder die wil ondernemen. Wilt u hier meer over weten? Volg de gids\u2026","og_url":"https:\/\/www.investinluxembourg.be\/nl\/succes-boeken-in-belgisch-luxemburg-met-idelux\/","og_site_name":"Idelux","article_published_time":"2022-11-17T14:52:17+00:00","article_modified_time":"2024-01-03T09:01:18+00:00","og_image":[{"width":1791,"height":831,"url":"https:\/\/www.investinluxembourg.be\/wp-content\/uploads\/2023\/07\/Invest-in-Luxembourg-1.jpg","type":"image\/jpeg"}],"author":"dns","twitter_card":"summary_large_image","twitter_misc":{"Geschreven door":"dns","Geschatte leestijd":"5 minuten"},"schema":{"@context":"https:\/\/schema.org","@graph":[{"@type":"Article","@id":"https:\/\/www.investinluxembourg.be\/nl\/succes-boeken-in-belgisch-luxemburg-met-idelux\/#article","isPartOf":{"@id":"https:\/\/www.investinluxembourg.be\/nl\/succes-boeken-in-belgisch-luxemburg-met-idelux\/"},"author":{"name":"dns","@id":"https:\/\/www.investinluxembourg.be\/#\/schema\/person\/08057f0257bc89f296a5f08c0ee1ace7"},"headline":"Succes boeken in Belgisch Luxemburg met IDELUX!","datePublished":"2022-11-17T14:52:17+00:00","dateModified":"2024-01-03T09:01:18+00:00","mainEntityOfPage":{"@id":"https:\/\/www.investinluxembourg.be\/nl\/succes-boeken-in-belgisch-luxemburg-met-idelux\/"},"wordCount":668,"image":{"@id":"https:\/\/www.investinluxembourg.be\/nl\/succes-boeken-in-belgisch-luxemburg-met-idelux\/#primaryimage"},"thumbnailUrl":"https:\/\/www.investinluxembourg.be\/wp-content\/uploads\/2023\/07\/Invest-in-Luxembourg-1.jpg","keywords":["Agroalimentaire","Ardennes Logistics","Entreprises","Galaxia","Implantation","Invest","Investir","Luxembourg belge","Novalis Science Park","P\u00f4le Ardenne Bois","Province de Luxembourg","R\u00e9gion wallonne","Secteurs Prioritaires"],"articleSection":["Blog"],"inLanguage":"nl-NL"},{"@type":"WebPage","@id":"https:\/\/www.investinluxembourg.be\/nl\/succes-boeken-in-belgisch-luxemburg-met-idelux\/","url":"https:\/\/www.investinluxembourg.be\/nl\/succes-boeken-in-belgisch-luxemburg-met-idelux\/","name":"Succes boeken in Belgisch Luxemburg met IDELUX! - Idelux","isPartOf":{"@id":"https:\/\/www.investinluxembourg.be\/#website"},"primaryImageOfPage":{"@id":"https:\/\/www.investinluxembourg.be\/nl\/succes-boeken-in-belgisch-luxemburg-met-idelux\/#primaryimage"},"image":{"@id":"https:\/\/www.investinluxembourg.be\/nl\/succes-boeken-in-belgisch-luxemburg-met-idelux\/#primaryimage"},"thumbnailUrl":"https:\/\/www.investinluxembourg.be\/wp-content\/uploads\/2023\/07\/Invest-in-Luxembourg-1.jpg","datePublished":"2022-11-17T14:52:17+00:00","dateModified":"2024-01-03T09:01:18+00:00","author":{"@id":"https:\/\/www.investinluxembourg.be\/#\/schema\/person\/08057f0257bc89f296a5f08c0ee1ace7"},"breadcrumb":{"@id":"https:\/\/www.investinluxembourg.be\/nl\/succes-boeken-in-belgisch-luxemburg-met-idelux\/#breadcrumb"},"inLanguage":"nl-NL","potentialAction":[{"@type":"ReadAction","target":["https:\/\/www.investinluxembourg.be\/nl\/succes-boeken-in-belgisch-luxemburg-met-idelux\/"]}]},{"@type":"ImageObject","inLanguage":"nl-NL","@id":"https:\/\/www.investinluxembourg.be\/nl\/succes-boeken-in-belgisch-luxemburg-met-idelux\/#primaryimage","url":"https:\/\/www.investinluxembourg.be\/wp-content\/uploads\/2023\/07\/Invest-in-Luxembourg-1.jpg","contentUrl":"https:\/\/www.investinluxembourg.be\/wp-content\/uploads\/2023\/07\/Invest-in-Luxembourg-1.jpg","width":1791,"height":831},{"@type":"BreadcrumbList","@id":"https:\/\/www.investinluxembourg.be\/nl\/succes-boeken-in-belgisch-luxemburg-met-idelux\/#breadcrumb","itemListElement":[{"@type":"ListItem","position":1,"name":"Accueil","item":"https:\/\/www.investinluxembourg.be\/nl\/"},{"@type":"ListItem","position":2,"name":"Succes boeken in Belgisch Luxemburg met IDELUX!"}]},{"@type":"WebSite","@id":"https:\/\/www.investinluxembourg.be\/#website","url":"https:\/\/www.investinluxembourg.be\/","name":"Idelux","description":"","potentialAction":[{"@type":"SearchAction","target":{"@type":"EntryPoint","urlTemplate":"https:\/\/www.investinluxembourg.be\/?s={search_term_string}"},"query-input":{"@type":"PropertyValueSpecification","valueRequired":true,"valueName":"search_term_string"}}],"inLanguage":"nl-NL"},{"@type":"Person","@id":"https:\/\/www.investinluxembourg.be\/#\/schema\/person\/08057f0257bc89f296a5f08c0ee1ace7","name":"dns"}]}},"_links":{"self":[{"href":"https:\/\/www.investinluxembourg.be\/nl\/wp-json\/wp\/v2\/posts\/6614","targetHints":{"allow":["GET"]}}],"collection":[{"href":"https:\/\/www.investinluxembourg.be\/nl\/wp-json\/wp\/v2\/posts"}],"about":[{"href":"https:\/\/www.investinluxembourg.be\/nl\/wp-json\/wp\/v2\/types\/post"}],"author":[{"embeddable":true,"href":"https:\/\/www.investinluxembourg.be\/nl\/wp-json\/wp\/v2\/users\/17"}],"replies":[{"embeddable":true,"href":"https:\/\/www.investinluxembourg.be\/nl\/wp-json\/wp\/v2\/comments?post=6614"}],"version-history":[{"count":3,"href":"https:\/\/www.investinluxembourg.be\/nl\/wp-json\/wp\/v2\/posts\/6614\/revisions"}],"predecessor-version":[{"id":8762,"href":"https:\/\/www.investinluxembourg.be\/nl\/wp-json\/wp\/v2\/posts\/6614\/revisions\/8762"}],"wp:featuredmedia":[{"embeddable":true,"href":"https:\/\/www.investinluxembourg.be\/nl\/wp-json\/wp\/v2\/media\/5536"}],"wp:attachment":[{"href":"https:\/\/www.investinluxembourg.be\/nl\/wp-json\/wp\/v2\/media?parent=6614"}],"wp:term":[{"taxonomy":"category","embeddable":true,"href":"https:\/\/www.investinluxembourg.be\/nl\/wp-json\/wp\/v2\/categories?post=6614"},{"taxonomy":"post_tag","embeddable":true,"href":"https:\/\/www.investinluxembourg.be\/nl\/wp-json\/wp\/v2\/tags?post=6614"}],"curies":[{"name":"wp","href":"https:\/\/api.w.org\/{rel}","templated":true}]}}