{"id":6814,"date":"2021-02-01T10:54:04","date_gmt":"2021-02-01T09:54:04","guid":{"rendered":"https:\/\/staging.investinluxembourg.be\/a-made-in-belgian-luxembourg-success-story-gls-belgium-distribution-made-the-decision-to-invest-in-luxembourg-province\/"},"modified":"2023-07-17T14:40:38","modified_gmt":"2023-07-17T12:40:38","slug":"a-made-in-belgian-luxembourg-success-story-gls-belgium-distribution-made-the-decision-to-invest-in-luxembourg-province","status":"publish","type":"post","link":"https:\/\/www.investinluxembourg.be\/en\/a-made-in-belgian-luxembourg-success-story-gls-belgium-distribution-made-the-decision-to-invest-in-luxembourg-province\/","title":{"rendered":"A &#8220;Made in Belgian Luxembourg&#8221; success story : GLS Belgium Distribution made the decision to invest in Luxembourg province"},"content":{"rendered":"<div class=\"wpb-content-wrapper\"><p>[vc_row][vc_column][vc_column_text]<a href=\"https:\/\/gls-group.eu\/BE\/en\/home\" target=\"_blank\" rel=\"noopener\"><strong><span style=\"color: #6f8c91;\">GLS Belgium Distribution<\/span><\/strong><\/a><span style=\"color: #6f8c91;\">, which has around 530 employees, almost 1,000 subcontractors (drivers) and between 100 and 200 temporary manual workers depending on the time of year, is a parcel delivery and freight business. This Flemish company made the decision to establish its business in Luxembourg Province (Habay) in order to better serve the south of Belgium as well as the Grand Duchy of Luxembourg. Keen to respond to the growing rise in the volume of parcels being sent, GSL Belgium Distribution continues to expand its business.<br \/>\n<\/span><strong><span style=\"color: #6f8c91;\">Find out more about this \u201cMade in Belgian Luxembourg\u201d Success Story!<\/span><\/strong><\/p>\n<p>&nbsp;<\/p>\n<p><!--more--><\/p>\n<h3><strong><span style=\"display: inline !important; float: none; background-color: transparent; color: #254f56; font-family: 'Roboto Condensed',Helvetica,Arial,Verdana,sans-serif; font-size: 25px; font-style: normal; font-variant: normal; font-weight: bold; letter-spacing: normal; line-height: 32px; orphans: 2; text-align: left; text-decoration: none; text-indent: 0px; text-transform: uppercase; -webkit-text-stroke-width: 0px; white-space: normal; word-spacing: 0px;\"><span style=\"font-size: 22.5pt; color: #254f56;\">TESTIMONIAL FROM LUC DE SCHRIJVER, GENERAL MANAGER<\/span><\/span><\/strong><\/h3>\n<p><strong><span style=\"color: #6f8c91;\">What is your main reason for moving to Luxembourg Province?<\/span><\/strong><\/p>\n<p><span style=\"color: #6f8c91;\">The geographical location of Belgian Luxembourg is ideal if you want to conquer the market in the Grand Duchy of Luxembourg and the south of Belgium.<\/span><\/p>\n<p><strong><span style=\"color: #6f8c91;\">What does this investment involve?<\/span><\/strong><\/p>\n<p><span style=\"color: #6f8c91;\">In 2013, when we started working from <a href=\"https:\/\/www.idelux.be\/fr\/habay-les-coeuvins.html?IDC=2509&amp;IDD=1632\" target=\"_blank\" rel=\"noopener\">the Les Coeuvins business park<\/a> in Habay, we invested almost 5.3 million Euros in the construction of a brand new warehouse.\u00a0<\/span><\/p>\n<p><img decoding=\"async\" style=\"width: 1696px;\" src=\"https:\/\/investinluxembourg.be\/wp-content\/uploads\/2023\/07\/Capture.jpg\" alt=\"Luc DE SCHRIJVER, General Manager de GLS\" width=\"1696\" \/><\/p>\n<p><strong><span style=\"color: #6f8c91;\">What are your future development plans?<\/span><\/strong><\/p>\n<p><span style=\"color: #6f8c91;\">We have just finished extending our warehouse.\u00a0With our business\u2019s strong growth this year, we will be planning another extension for the building very soon.<\/span><\/p>\n<p><strong><span style=\"color: #6f8c91;\">How would you describe the help you have been given by IDELUX D\u00e9veloppement?<\/span><\/strong><\/p>\n<p><a style=\"font-weight: bold;\" href=\"https:\/\/www.investinluxembourg.be\/en\/\" target=\"_blank\" rel=\"noopener\">IDELUX D\u00e9veloppement<\/a> est un point de contact tr\u00e8s utile, permettant des \u00e9changes et des r\u00e9ponses aux questions sur le d\u00e9veloppement \u00e9conomique. Ils ont un portfolio int\u00e9ressant de terrains, de sites industriels et une connaissance \u00e9conomique approfondie de la r\u00e9gion. Nous appr\u00e9cions le dynamisme d&#8217;IDELUX en comparaison aux acteurs du d\u00e9veloppement \u00e9conomique flamands.<\/p>\n<h3><strong><span style=\"display: inline !important; float: none; background-color: transparent; color: #254f56; font-family: 'Roboto Condensed',Helvetica,Arial,Verdana,sans-serif; font-size: 25px; font-style: normal; font-variant: normal; font-weight: bold; letter-spacing: normal; line-height: 32px; orphans: 2; text-align: left; text-decoration: none; text-indent: 0px; text-transform: uppercase; -webkit-text-stroke-width: 0px; white-space: normal; word-spacing: 0px;\"><span style=\"font-size: 30px;\"><span style=\"font-size: 22.5pt; color: #254f56;\">WATCH LUC DE SCHRIJVER\u2019S INTERVIEW!<\/span><\/span><\/span><\/strong><\/h3>\n<div style=\"width: 800px;\" class=\"wp-video\"><video class=\"wp-video-shortcode\" id=\"video-6814-1\" width=\"800\" height=\"450\" preload=\"metadata\" controls=\"controls\"><source type=\"video\/mp4\" src=\"https:\/\/investinluxembourg.be\/wp-content\/uploads\/2021\/02\/2018_Idelux_PAE_GLS_HD1080.mp4?_=1\" \/><a href=\"https:\/\/investinluxembourg.be\/wp-content\/uploads\/2021\/02\/2018_Idelux_PAE_GLS_HD1080.mp4\">https:\/\/investinluxembourg.be\/wp-content\/uploads\/2021\/02\/2018_Idelux_PAE_GLS_HD1080.mp4<\/a><\/video><\/div>\n<p>[\/vc_column_text]<style type=\"text\/css\" data-type=\"the7_shortcodes-inline-css\">#default-btn-e99c287c71271331422e596ff462711c.ico-right-side > i {\n  margin-right: 0px;\n  margin-left: 8px;\n}\n#default-btn-e99c287c71271331422e596ff462711c > i {\n  margin-right: 8px;\n}<\/style><a href=\"https:\/\/investinluxembourg.be\/en\/the-province-of-luxembourg\/\" class=\"default-btn-shortcode dt-btn dt-btn-l link-hover-off btn-inline-left \" id=\"default-btn-e99c287c71271331422e596ff462711c\" title=\"Belgian Luxembourg\"><span>Lets discover together the assets of Belgian Luxembourg!<\/span><\/a>[\/vc_column][\/vc_row]<\/p>\n<\/div>","protected":false},"excerpt":{"rendered":"<p>Keen to respond to the growing rise in the volume of parcels being sent, GLS Belgium Distribution continues to expand its business.<br \/>\nFind out more about this \u201cMade in Belgian Luxembourg\u201d Success Story!<\/p>\n","protected":false},"author":17,"featured_media":6664,"comment_status":"closed","ping_status":"closed","sticky":false,"template":"","format":"standard","meta":{"footnotes":""},"categories":[11],"tags":[1870,1871,1872,1882,1898,1874,1883,1875],"class_list":["post-6814","post","type-post","status-publish","format-standard","has-post-thumbnail","hentry","category-blog","tag-guichet-unique","tag-implantation","tag-invest","tag-investir","tag-logistique","tag-province-de-luxembourg","tag-region-wallonne","tag-wallonie","category-11","description-off"],"yoast_head":"<!-- This site is optimized with the Yoast SEO plugin v27.5 - https:\/\/yoast.com\/product\/yoast-seo-wordpress\/ -->\n<title>A &quot;Made in Belgian Luxembourg&quot; success story : GLS Belgium Distribution made the decision to invest in Luxembourg province - Idelux<\/title>\n<meta name=\"robots\" content=\"index, follow, max-snippet:-1, max-image-preview:large, max-video-preview:-1\" \/>\n<link rel=\"canonical\" href=\"https:\/\/www.investinluxembourg.be\/en\/a-made-in-belgian-luxembourg-success-story-gls-belgium-distribution-made-the-decision-to-invest-in-luxembourg-province\/\" \/>\n<meta property=\"og:locale\" content=\"en_US\" \/>\n<meta property=\"og:type\" content=\"article\" \/>\n<meta property=\"og:title\" content=\"A &quot;Made in Belgian Luxembourg&quot; success story : GLS Belgium Distribution made the decision to invest in Luxembourg province - Idelux\" \/>\n<meta property=\"og:description\" content=\"Keen to respond to the growing rise in the volume of parcels being sent, GLS Belgium Distribution continues to expand its business. Find out more about this \u201cMade in Belgian Luxembourg\u201d Success Story!\" \/>\n<meta property=\"og:url\" content=\"https:\/\/www.investinluxembourg.be\/en\/a-made-in-belgian-luxembourg-success-story-gls-belgium-distribution-made-the-decision-to-invest-in-luxembourg-province\/\" \/>\n<meta property=\"og:site_name\" content=\"Idelux\" \/>\n<meta property=\"article:published_time\" content=\"2021-02-01T09:54:04+00:00\" \/>\n<meta property=\"article:modified_time\" content=\"2023-07-17T12:40:38+00:00\" \/>\n<meta property=\"og:image\" content=\"https:\/\/www.investinluxembourg.be\/wp-content\/uploads\/2023\/07\/IMG_2017-V2-1-1-scaled.jpg\" \/>\n\t<meta property=\"og:image:width\" content=\"2560\" \/>\n\t<meta property=\"og:image:height\" content=\"1751\" \/>\n\t<meta property=\"og:image:type\" content=\"image\/jpeg\" \/>\n<meta name=\"author\" content=\"dns\" \/>\n<meta name=\"twitter:card\" content=\"summary_large_image\" \/>\n<meta name=\"twitter:label1\" content=\"Written by\" \/>\n\t<meta name=\"twitter:data1\" content=\"dns\" \/>\n\t<meta name=\"twitter:label2\" content=\"Est. reading time\" \/>\n\t<meta name=\"twitter:data2\" content=\"2 minutes\" \/>\n<script type=\"application\/ld+json\" class=\"yoast-schema-graph\">{\"@context\":\"https:\\\/\\\/schema.org\",\"@graph\":[{\"@type\":\"Article\",\"@id\":\"https:\\\/\\\/www.investinluxembourg.be\\\/en\\\/a-made-in-belgian-luxembourg-success-story-gls-belgium-distribution-made-the-decision-to-invest-in-luxembourg-province\\\/#article\",\"isPartOf\":{\"@id\":\"https:\\\/\\\/www.investinluxembourg.be\\\/en\\\/a-made-in-belgian-luxembourg-success-story-gls-belgium-distribution-made-the-decision-to-invest-in-luxembourg-province\\\/\"},\"author\":{\"name\":\"dns\",\"@id\":\"https:\\\/\\\/www.investinluxembourg.be\\\/#\\\/schema\\\/person\\\/08057f0257bc89f296a5f08c0ee1ace7\"},\"headline\":\"A &#8220;Made in Belgian Luxembourg&#8221; success story : GLS Belgium Distribution made the decision to invest in Luxembourg province\",\"datePublished\":\"2021-02-01T09:54:04+00:00\",\"dateModified\":\"2023-07-17T12:40:38+00:00\",\"mainEntityOfPage\":{\"@id\":\"https:\\\/\\\/www.investinluxembourg.be\\\/en\\\/a-made-in-belgian-luxembourg-success-story-gls-belgium-distribution-made-the-decision-to-invest-in-luxembourg-province\\\/\"},\"wordCount\":357,\"image\":{\"@id\":\"https:\\\/\\\/www.investinluxembourg.be\\\/en\\\/a-made-in-belgian-luxembourg-success-story-gls-belgium-distribution-made-the-decision-to-invest-in-luxembourg-province\\\/#primaryimage\"},\"thumbnailUrl\":\"https:\\\/\\\/www.investinluxembourg.be\\\/wp-content\\\/uploads\\\/2023\\\/07\\\/IMG_2017-V2-1-1-scaled.jpg\",\"keywords\":[\"Guichet Unique\",\"Implantation\",\"Invest\",\"Investir\",\"Logistique\",\"Province de Luxembourg\",\"R\u00e9gion wallonne\",\"Wallonie\"],\"articleSection\":[\"Blog\"],\"inLanguage\":\"en-US\"},{\"@type\":\"WebPage\",\"@id\":\"https:\\\/\\\/www.investinluxembourg.be\\\/en\\\/a-made-in-belgian-luxembourg-success-story-gls-belgium-distribution-made-the-decision-to-invest-in-luxembourg-province\\\/\",\"url\":\"https:\\\/\\\/www.investinluxembourg.be\\\/en\\\/a-made-in-belgian-luxembourg-success-story-gls-belgium-distribution-made-the-decision-to-invest-in-luxembourg-province\\\/\",\"name\":\"A \\\"Made in Belgian Luxembourg\\\" success story : GLS Belgium Distribution made the decision to invest in Luxembourg province - Idelux\",\"isPartOf\":{\"@id\":\"https:\\\/\\\/www.investinluxembourg.be\\\/#website\"},\"primaryImageOfPage\":{\"@id\":\"https:\\\/\\\/www.investinluxembourg.be\\\/en\\\/a-made-in-belgian-luxembourg-success-story-gls-belgium-distribution-made-the-decision-to-invest-in-luxembourg-province\\\/#primaryimage\"},\"image\":{\"@id\":\"https:\\\/\\\/www.investinluxembourg.be\\\/en\\\/a-made-in-belgian-luxembourg-success-story-gls-belgium-distribution-made-the-decision-to-invest-in-luxembourg-province\\\/#primaryimage\"},\"thumbnailUrl\":\"https:\\\/\\\/www.investinluxembourg.be\\\/wp-content\\\/uploads\\\/2023\\\/07\\\/IMG_2017-V2-1-1-scaled.jpg\",\"datePublished\":\"2021-02-01T09:54:04+00:00\",\"dateModified\":\"2023-07-17T12:40:38+00:00\",\"author\":{\"@id\":\"https:\\\/\\\/www.investinluxembourg.be\\\/#\\\/schema\\\/person\\\/08057f0257bc89f296a5f08c0ee1ace7\"},\"breadcrumb\":{\"@id\":\"https:\\\/\\\/www.investinluxembourg.be\\\/en\\\/a-made-in-belgian-luxembourg-success-story-gls-belgium-distribution-made-the-decision-to-invest-in-luxembourg-province\\\/#breadcrumb\"},\"inLanguage\":\"en-US\",\"potentialAction\":[{\"@type\":\"ReadAction\",\"target\":[\"https:\\\/\\\/www.investinluxembourg.be\\\/en\\\/a-made-in-belgian-luxembourg-success-story-gls-belgium-distribution-made-the-decision-to-invest-in-luxembourg-province\\\/\"]}]},{\"@type\":\"ImageObject\",\"inLanguage\":\"en-US\",\"@id\":\"https:\\\/\\\/www.investinluxembourg.be\\\/en\\\/a-made-in-belgian-luxembourg-success-story-gls-belgium-distribution-made-the-decision-to-invest-in-luxembourg-province\\\/#primaryimage\",\"url\":\"https:\\\/\\\/www.investinluxembourg.be\\\/wp-content\\\/uploads\\\/2023\\\/07\\\/IMG_2017-V2-1-1-scaled.jpg\",\"contentUrl\":\"https:\\\/\\\/www.investinluxembourg.be\\\/wp-content\\\/uploads\\\/2023\\\/07\\\/IMG_2017-V2-1-1-scaled.jpg\",\"width\":2560,\"height\":1751},{\"@type\":\"BreadcrumbList\",\"@id\":\"https:\\\/\\\/www.investinluxembourg.be\\\/en\\\/a-made-in-belgian-luxembourg-success-story-gls-belgium-distribution-made-the-decision-to-invest-in-luxembourg-province\\\/#breadcrumb\",\"itemListElement\":[{\"@type\":\"ListItem\",\"position\":1,\"name\":\"Accueil\",\"item\":\"https:\\\/\\\/www.investinluxembourg.be\\\/en\\\/\"},{\"@type\":\"ListItem\",\"position\":2,\"name\":\"A &#8220;Made in Belgian Luxembourg&#8221; success story : GLS Belgium Distribution made the decision to invest in Luxembourg province\"}]},{\"@type\":\"WebSite\",\"@id\":\"https:\\\/\\\/www.investinluxembourg.be\\\/#website\",\"url\":\"https:\\\/\\\/www.investinluxembourg.be\\\/\",\"name\":\"Idelux\",\"description\":\"\",\"potentialAction\":[{\"@type\":\"SearchAction\",\"target\":{\"@type\":\"EntryPoint\",\"urlTemplate\":\"https:\\\/\\\/www.investinluxembourg.be\\\/?s={search_term_string}\"},\"query-input\":{\"@type\":\"PropertyValueSpecification\",\"valueRequired\":true,\"valueName\":\"search_term_string\"}}],\"inLanguage\":\"en-US\"},{\"@type\":\"Person\",\"@id\":\"https:\\\/\\\/www.investinluxembourg.be\\\/#\\\/schema\\\/person\\\/08057f0257bc89f296a5f08c0ee1ace7\",\"name\":\"dns\"}]}<\/script>\n<!-- \/ Yoast SEO plugin. -->","yoast_head_json":{"title":"A \"Made in Belgian Luxembourg\" success story : GLS Belgium Distribution made the decision to invest in Luxembourg province - Idelux","robots":{"index":"index","follow":"follow","max-snippet":"max-snippet:-1","max-image-preview":"max-image-preview:large","max-video-preview":"max-video-preview:-1"},"canonical":"https:\/\/www.investinluxembourg.be\/en\/a-made-in-belgian-luxembourg-success-story-gls-belgium-distribution-made-the-decision-to-invest-in-luxembourg-province\/","og_locale":"en_US","og_type":"article","og_title":"A \"Made in Belgian Luxembourg\" success story : GLS Belgium Distribution made the decision to invest in Luxembourg province - Idelux","og_description":"Keen to respond to the growing rise in the volume of parcels being sent, GLS Belgium Distribution continues to expand its business. Find out more about this \u201cMade in Belgian Luxembourg\u201d Success Story!","og_url":"https:\/\/www.investinluxembourg.be\/en\/a-made-in-belgian-luxembourg-success-story-gls-belgium-distribution-made-the-decision-to-invest-in-luxembourg-province\/","og_site_name":"Idelux","article_published_time":"2021-02-01T09:54:04+00:00","article_modified_time":"2023-07-17T12:40:38+00:00","og_image":[{"width":2560,"height":1751,"url":"https:\/\/www.investinluxembourg.be\/wp-content\/uploads\/2023\/07\/IMG_2017-V2-1-1-scaled.jpg","type":"image\/jpeg"}],"author":"dns","twitter_card":"summary_large_image","twitter_misc":{"Written by":"dns","Est. reading time":"2 minutes"},"schema":{"@context":"https:\/\/schema.org","@graph":[{"@type":"Article","@id":"https:\/\/www.investinluxembourg.be\/en\/a-made-in-belgian-luxembourg-success-story-gls-belgium-distribution-made-the-decision-to-invest-in-luxembourg-province\/#article","isPartOf":{"@id":"https:\/\/www.investinluxembourg.be\/en\/a-made-in-belgian-luxembourg-success-story-gls-belgium-distribution-made-the-decision-to-invest-in-luxembourg-province\/"},"author":{"name":"dns","@id":"https:\/\/www.investinluxembourg.be\/#\/schema\/person\/08057f0257bc89f296a5f08c0ee1ace7"},"headline":"A &#8220;Made in Belgian Luxembourg&#8221; success story : GLS Belgium Distribution made the decision to invest in Luxembourg province","datePublished":"2021-02-01T09:54:04+00:00","dateModified":"2023-07-17T12:40:38+00:00","mainEntityOfPage":{"@id":"https:\/\/www.investinluxembourg.be\/en\/a-made-in-belgian-luxembourg-success-story-gls-belgium-distribution-made-the-decision-to-invest-in-luxembourg-province\/"},"wordCount":357,"image":{"@id":"https:\/\/www.investinluxembourg.be\/en\/a-made-in-belgian-luxembourg-success-story-gls-belgium-distribution-made-the-decision-to-invest-in-luxembourg-province\/#primaryimage"},"thumbnailUrl":"https:\/\/www.investinluxembourg.be\/wp-content\/uploads\/2023\/07\/IMG_2017-V2-1-1-scaled.jpg","keywords":["Guichet Unique","Implantation","Invest","Investir","Logistique","Province de Luxembourg","R\u00e9gion wallonne","Wallonie"],"articleSection":["Blog"],"inLanguage":"en-US"},{"@type":"WebPage","@id":"https:\/\/www.investinluxembourg.be\/en\/a-made-in-belgian-luxembourg-success-story-gls-belgium-distribution-made-the-decision-to-invest-in-luxembourg-province\/","url":"https:\/\/www.investinluxembourg.be\/en\/a-made-in-belgian-luxembourg-success-story-gls-belgium-distribution-made-the-decision-to-invest-in-luxembourg-province\/","name":"A \"Made in Belgian Luxembourg\" success story : GLS Belgium Distribution made the decision to invest in Luxembourg province - Idelux","isPartOf":{"@id":"https:\/\/www.investinluxembourg.be\/#website"},"primaryImageOfPage":{"@id":"https:\/\/www.investinluxembourg.be\/en\/a-made-in-belgian-luxembourg-success-story-gls-belgium-distribution-made-the-decision-to-invest-in-luxembourg-province\/#primaryimage"},"image":{"@id":"https:\/\/www.investinluxembourg.be\/en\/a-made-in-belgian-luxembourg-success-story-gls-belgium-distribution-made-the-decision-to-invest-in-luxembourg-province\/#primaryimage"},"thumbnailUrl":"https:\/\/www.investinluxembourg.be\/wp-content\/uploads\/2023\/07\/IMG_2017-V2-1-1-scaled.jpg","datePublished":"2021-02-01T09:54:04+00:00","dateModified":"2023-07-17T12:40:38+00:00","author":{"@id":"https:\/\/www.investinluxembourg.be\/#\/schema\/person\/08057f0257bc89f296a5f08c0ee1ace7"},"breadcrumb":{"@id":"https:\/\/www.investinluxembourg.be\/en\/a-made-in-belgian-luxembourg-success-story-gls-belgium-distribution-made-the-decision-to-invest-in-luxembourg-province\/#breadcrumb"},"inLanguage":"en-US","potentialAction":[{"@type":"ReadAction","target":["https:\/\/www.investinluxembourg.be\/en\/a-made-in-belgian-luxembourg-success-story-gls-belgium-distribution-made-the-decision-to-invest-in-luxembourg-province\/"]}]},{"@type":"ImageObject","inLanguage":"en-US","@id":"https:\/\/www.investinluxembourg.be\/en\/a-made-in-belgian-luxembourg-success-story-gls-belgium-distribution-made-the-decision-to-invest-in-luxembourg-province\/#primaryimage","url":"https:\/\/www.investinluxembourg.be\/wp-content\/uploads\/2023\/07\/IMG_2017-V2-1-1-scaled.jpg","contentUrl":"https:\/\/www.investinluxembourg.be\/wp-content\/uploads\/2023\/07\/IMG_2017-V2-1-1-scaled.jpg","width":2560,"height":1751},{"@type":"BreadcrumbList","@id":"https:\/\/www.investinluxembourg.be\/en\/a-made-in-belgian-luxembourg-success-story-gls-belgium-distribution-made-the-decision-to-invest-in-luxembourg-province\/#breadcrumb","itemListElement":[{"@type":"ListItem","position":1,"name":"Accueil","item":"https:\/\/www.investinluxembourg.be\/en\/"},{"@type":"ListItem","position":2,"name":"A &#8220;Made in Belgian Luxembourg&#8221; success story : GLS Belgium Distribution made the decision to invest in Luxembourg province"}]},{"@type":"WebSite","@id":"https:\/\/www.investinluxembourg.be\/#website","url":"https:\/\/www.investinluxembourg.be\/","name":"Idelux","description":"","potentialAction":[{"@type":"SearchAction","target":{"@type":"EntryPoint","urlTemplate":"https:\/\/www.investinluxembourg.be\/?s={search_term_string}"},"query-input":{"@type":"PropertyValueSpecification","valueRequired":true,"valueName":"search_term_string"}}],"inLanguage":"en-US"},{"@type":"Person","@id":"https:\/\/www.investinluxembourg.be\/#\/schema\/person\/08057f0257bc89f296a5f08c0ee1ace7","name":"dns"}]}},"_links":{"self":[{"href":"https:\/\/www.investinluxembourg.be\/en\/wp-json\/wp\/v2\/posts\/6814","targetHints":{"allow":["GET"]}}],"collection":[{"href":"https:\/\/www.investinluxembourg.be\/en\/wp-json\/wp\/v2\/posts"}],"about":[{"href":"https:\/\/www.investinluxembourg.be\/en\/wp-json\/wp\/v2\/types\/post"}],"author":[{"embeddable":true,"href":"https:\/\/www.investinluxembourg.be\/en\/wp-json\/wp\/v2\/users\/17"}],"replies":[{"embeddable":true,"href":"https:\/\/www.investinluxembourg.be\/en\/wp-json\/wp\/v2\/comments?post=6814"}],"version-history":[{"count":4,"href":"https:\/\/www.investinluxembourg.be\/en\/wp-json\/wp\/v2\/posts\/6814\/revisions"}],"predecessor-version":[{"id":7737,"href":"https:\/\/www.investinluxembourg.be\/en\/wp-json\/wp\/v2\/posts\/6814\/revisions\/7737"}],"wp:featuredmedia":[{"embeddable":true,"href":"https:\/\/www.investinluxembourg.be\/en\/wp-json\/wp\/v2\/media\/6664"}],"wp:attachment":[{"href":"https:\/\/www.investinluxembourg.be\/en\/wp-json\/wp\/v2\/media?parent=6814"}],"wp:term":[{"taxonomy":"category","embeddable":true,"href":"https:\/\/www.investinluxembourg.be\/en\/wp-json\/wp\/v2\/categories?post=6814"},{"taxonomy":"post_tag","embeddable":true,"href":"https:\/\/www.investinluxembourg.be\/en\/wp-json\/wp\/v2\/tags?post=6814"}],"curies":[{"name":"wp","href":"https:\/\/api.w.org\/{rel}","templated":true}]}}